{"id":2251,"date":"2020-11-27T12:35:37","date_gmt":"2020-11-27T11:35:37","guid":{"rendered":"https:\/\/ccic.hr\/it\/?p=2251"},"modified":"2020-11-27T12:55:26","modified_gmt":"2020-11-27T11:55:26","slug":"settimana-della-cucina-italiana-nel-mondo","status":"publish","type":"post","link":"https:\/\/ccic.hr\/it\/settimana-della-cucina-italiana-nel-mondo\/","title":{"rendered":"Settimana della cucina italiana nel mondo"},"content":{"rendered":"\n<p>Nell&#8217;ambito della V settimana della cucina italiana nel mondo, il gioved\u00ec 26 novembre, Consolato generale d&#8217;Italia a Fiume in collaborazione con Dipartimento di Italianistica dell&#8217;Universit\u00e0 degli studi di Fiume e la Camera di commercio italo croata, ha organizzato la premiazione del concorso tra gli studenti che hanno presentato i piatti tipici della Dieta mediterranea.<\/p>\n\n\n\n<p>L&#8217;edizione del 2020della Settimana della cucina italiana nel mondo riparte dalle radici della tradizione culinaria italiana, festeggiando anche 200 anni dalla nascita di Pellegrino Artusi, il padre della cucina domestica italiana, con il focus sul rapporto essenziale che lega il patrimonio gastronomico italiano e i territori di origine.<\/p>\n\n\n\n<p>La dieta mediterranea, oltre ad essere una delle pi\u00f9 sane nel mondo, questo anno celebra il decimo anniversario dell&#8217;iscrizione nella lista del Patrimonio Culturale immateriale dell\u2019Umanit\u00e0 dell&#8217;UNESCO, ha sottolineato il Console generale Davide Bradanini.<\/p>\n\n\n\n<p>In una sessione in via telematica e molto divertente, con la presenza di lettore Diego Sbacchi, le professoresse Gianna Mazzieri \u2013 Sankovi\u0107, Corinna Gerbaz Giuliano, Maja \u0110ur\u0111ulov e Iva Per\u0161i\u0107, presidente dell&#8217;Unione italiana Tremul, gli studenti, la Segretaria generale Perkov della Camera di commercio italo croata ha avuto l&#8217;onore di premiare le migliori studentesse di 5 anni accademici che hanno presentato dall&#8217;antipasto a dolce.<\/p>\n\n\n\n<p>La CCIC ringrazia inoltre alla societ\u00e0 ABS Sisak, membro del Consiglio di amministrazione della CCIC per il contributo finanziario in questo prezioso premio.<\/p>\n\n\n\n<p>La collaborazione, la unit\u00e0 e amore per la cultura italiana, grazie proprio ai giovani vive e celebra italianit\u00e0 in questo Paese.<\/p>\n\n\n\n<p>I premiati sono<\/p>\n\n\n\n<ol class=\"wp-block-list\" type=\"I\"><li>anno triennale con la Pasta a burro e salvia \u2013 Cristina Lubiana<\/li><li>&nbsp;anno triennale con Saltimbocca alla romana \u2013 Milena Korenika<\/li><li>&nbsp;anno triennale con Fagiolini e patate \u2013 Marijana Ga\u0161parovi\u0107<\/li><li>&nbsp;anno magistrale con le Tartine con lenticchie e radicchio \u2013 Martina Colnar<\/li><li>anno magistrale con le Crocette calabresi \u2013 Doris Datkovi\u0107<\/li><\/ol>\n\n\n\n<figure class=\"wp-block-gallery columns-3 is-cropped wp-block-gallery-1 is-layout-flex wp-block-gallery-is-layout-flex\"><ul class=\"blocks-gallery-grid\"><li class=\"blocks-gallery-item\"><figure><img fetchpriority=\"high\" decoding=\"async\" width=\"605\" height=\"340\" src=\"https:\/\/ccic.hr\/it\/wp-content\/uploads\/sites\/2\/2020\/11\/Slika1.png\" alt=\"\" data-id=\"2252\" data-full-url=\"https:\/\/ccic.hr\/it\/wp-content\/uploads\/sites\/2\/2020\/11\/Slika1.png\" data-link=\"https:\/\/ccic.hr\/it\/?attachment_id=2252\" class=\"wp-image-2252\" srcset=\"https:\/\/ccic.hr\/it\/wp-content\/uploads\/sites\/2\/2020\/11\/Slika1.png 605w, https:\/\/ccic.hr\/it\/wp-content\/uploads\/sites\/2\/2020\/11\/Slika1-300x169.png 300w\" sizes=\"(max-width: 605px) 100vw, 605px\" \/><\/figure><\/li><li class=\"blocks-gallery-item\"><figure><img decoding=\"async\" width=\"605\" height=\"340\" src=\"https:\/\/ccic.hr\/it\/wp-content\/uploads\/sites\/2\/2020\/11\/Slika2.png\" alt=\"\" data-id=\"2253\" data-full-url=\"https:\/\/ccic.hr\/it\/wp-content\/uploads\/sites\/2\/2020\/11\/Slika2.png\" data-link=\"https:\/\/ccic.hr\/it\/?attachment_id=2253\" class=\"wp-image-2253\" srcset=\"https:\/\/ccic.hr\/it\/wp-content\/uploads\/sites\/2\/2020\/11\/Slika2.png 605w, https:\/\/ccic.hr\/it\/wp-content\/uploads\/sites\/2\/2020\/11\/Slika2-300x169.png 300w\" sizes=\"(max-width: 605px) 100vw, 605px\" \/><\/figure><\/li><li class=\"blocks-gallery-item\"><figure><img decoding=\"async\" width=\"605\" height=\"340\" src=\"https:\/\/ccic.hr\/it\/wp-content\/uploads\/sites\/2\/2020\/11\/Slika3.png\" alt=\"\" data-id=\"2254\" data-full-url=\"https:\/\/ccic.hr\/it\/wp-content\/uploads\/sites\/2\/2020\/11\/Slika3.png\" data-link=\"https:\/\/ccic.hr\/it\/?attachment_id=2254\" class=\"wp-image-2254\" srcset=\"https:\/\/ccic.hr\/it\/wp-content\/uploads\/sites\/2\/2020\/11\/Slika3.png 605w, https:\/\/ccic.hr\/it\/wp-content\/uploads\/sites\/2\/2020\/11\/Slika3-300x169.png 300w\" sizes=\"(max-width: 605px) 100vw, 605px\" \/><\/figure><\/li><li class=\"blocks-gallery-item\"><figure><img loading=\"lazy\" decoding=\"async\" width=\"605\" height=\"340\" src=\"https:\/\/ccic.hr\/it\/wp-content\/uploads\/sites\/2\/2020\/11\/Slika4.png\" alt=\"\" data-id=\"2255\" data-full-url=\"https:\/\/ccic.hr\/it\/wp-content\/uploads\/sites\/2\/2020\/11\/Slika4.png\" data-link=\"https:\/\/ccic.hr\/it\/?attachment_id=2255\" class=\"wp-image-2255\" srcset=\"https:\/\/ccic.hr\/it\/wp-content\/uploads\/sites\/2\/2020\/11\/Slika4.png 605w, https:\/\/ccic.hr\/it\/wp-content\/uploads\/sites\/2\/2020\/11\/Slika4-300x169.png 300w\" sizes=\"(max-width: 605px) 100vw, 605px\" \/><\/figure><\/li><li class=\"blocks-gallery-item\"><figure><img loading=\"lazy\" decoding=\"async\" width=\"605\" height=\"340\" src=\"https:\/\/ccic.hr\/it\/wp-content\/uploads\/sites\/2\/2020\/11\/Slika5.png\" alt=\"\" data-id=\"2257\" data-full-url=\"https:\/\/ccic.hr\/it\/wp-content\/uploads\/sites\/2\/2020\/11\/Slika5.png\" data-link=\"https:\/\/ccic.hr\/it\/?attachment_id=2257\" class=\"wp-image-2257\" srcset=\"https:\/\/ccic.hr\/it\/wp-content\/uploads\/sites\/2\/2020\/11\/Slika5.png 605w, https:\/\/ccic.hr\/it\/wp-content\/uploads\/sites\/2\/2020\/11\/Slika5-300x169.png 300w\" sizes=\"(max-width: 605px) 100vw, 605px\" \/><\/figure><\/li><li class=\"blocks-gallery-item\"><figure><img loading=\"lazy\" decoding=\"async\" width=\"605\" height=\"340\" src=\"https:\/\/ccic.hr\/it\/wp-content\/uploads\/sites\/2\/2020\/11\/Slika6.png\" alt=\"\" data-id=\"2258\" data-full-url=\"https:\/\/ccic.hr\/it\/wp-content\/uploads\/sites\/2\/2020\/11\/Slika6.png\" data-link=\"https:\/\/ccic.hr\/it\/?attachment_id=2258\" class=\"wp-image-2258\" srcset=\"https:\/\/ccic.hr\/it\/wp-content\/uploads\/sites\/2\/2020\/11\/Slika6.png 605w, https:\/\/ccic.hr\/it\/wp-content\/uploads\/sites\/2\/2020\/11\/Slika6-300x169.png 300w\" sizes=\"(max-width: 605px) 100vw, 605px\" \/><\/figure><\/li><li class=\"blocks-gallery-item\"><figure><img loading=\"lazy\" decoding=\"async\" width=\"605\" height=\"340\" src=\"https:\/\/ccic.hr\/it\/wp-content\/uploads\/sites\/2\/2020\/11\/Slika7.png\" alt=\"\" data-id=\"2259\" data-full-url=\"https:\/\/ccic.hr\/it\/wp-content\/uploads\/sites\/2\/2020\/11\/Slika7.png\" data-link=\"https:\/\/ccic.hr\/it\/?attachment_id=2259\" class=\"wp-image-2259\" srcset=\"https:\/\/ccic.hr\/it\/wp-content\/uploads\/sites\/2\/2020\/11\/Slika7.png 605w, https:\/\/ccic.hr\/it\/wp-content\/uploads\/sites\/2\/2020\/11\/Slika7-300x169.png 300w\" sizes=\"(max-width: 605px) 100vw, 605px\" \/><\/figure><\/li><li class=\"blocks-gallery-item\"><figure><img loading=\"lazy\" decoding=\"async\" width=\"605\" height=\"340\" src=\"https:\/\/ccic.hr\/it\/wp-content\/uploads\/sites\/2\/2020\/11\/Slika8.png\" alt=\"\" data-id=\"2260\" data-full-url=\"https:\/\/ccic.hr\/it\/wp-content\/uploads\/sites\/2\/2020\/11\/Slika8.png\" data-link=\"https:\/\/ccic.hr\/it\/?attachment_id=2260\" class=\"wp-image-2260\" srcset=\"https:\/\/ccic.hr\/it\/wp-content\/uploads\/sites\/2\/2020\/11\/Slika8.png 605w, https:\/\/ccic.hr\/it\/wp-content\/uploads\/sites\/2\/2020\/11\/Slika8-300x169.png 300w\" sizes=\"(max-width: 605px) 100vw, 605px\" \/><\/figure><\/li><\/ul><\/figure>\n","protected":false},"excerpt":{"rendered":"<p>Nell&#8217;ambito della V settimana della cucina italiana nel mondo, il gioved\u00ec 26 novembre, Consolato generale d&#8217;Italia a Fiume in collaborazione con Dipartimento di Italianistica dell&#8217;Universit\u00e0 degli studi di Fiume e la Camera di commercio italo croata, ha organizzato la premiazione del concorso tra gli studenti che hanno presentato i piatti tipici della Dieta mediterranea. L&#8217;edizione [&hellip;]<\/p>\n","protected":false},"author":5,"featured_media":2262,"comment_status":"open","ping_status":"open","sticky":false,"template":"","format":"standard","meta":{"footnotes":""},"categories":[3,9],"tags":[],"class_list":["post-2251","post","type-post","status-publish","format-standard","has-post-thumbnail","hentry","category-eventi","category-in-evidenza"],"_links":{"self":[{"href":"https:\/\/ccic.hr\/it\/wp-json\/wp\/v2\/posts\/2251","targetHints":{"allow":["GET"]}}],"collection":[{"href":"https:\/\/ccic.hr\/it\/wp-json\/wp\/v2\/posts"}],"about":[{"href":"https:\/\/ccic.hr\/it\/wp-json\/wp\/v2\/types\/post"}],"author":[{"embeddable":true,"href":"https:\/\/ccic.hr\/it\/wp-json\/wp\/v2\/users\/5"}],"replies":[{"embeddable":true,"href":"https:\/\/ccic.hr\/it\/wp-json\/wp\/v2\/comments?post=2251"}],"version-history":[{"count":1,"href":"https:\/\/ccic.hr\/it\/wp-json\/wp\/v2\/posts\/2251\/revisions"}],"predecessor-version":[{"id":2261,"href":"https:\/\/ccic.hr\/it\/wp-json\/wp\/v2\/posts\/2251\/revisions\/2261"}],"wp:featuredmedia":[{"embeddable":true,"href":"https:\/\/ccic.hr\/it\/wp-json\/wp\/v2\/media\/2262"}],"wp:attachment":[{"href":"https:\/\/ccic.hr\/it\/wp-json\/wp\/v2\/media?parent=2251"}],"wp:term":[{"taxonomy":"category","embeddable":true,"href":"https:\/\/ccic.hr\/it\/wp-json\/wp\/v2\/categories?post=2251"},{"taxonomy":"post_tag","embeddable":true,"href":"https:\/\/ccic.hr\/it\/wp-json\/wp\/v2\/tags?post=2251"}],"curies":[{"name":"wp","href":"https:\/\/api.w.org\/{rel}","templated":true}]}}