{"id":2318,"date":"2020-12-21T08:14:54","date_gmt":"2020-12-21T07:14:54","guid":{"rendered":"https:\/\/ccic.hr\/it\/?p=2318"},"modified":"2020-12-21T08:15:06","modified_gmt":"2020-12-21T07:15:06","slug":"completato-il-test-sui-dipendenti-del-gruppo-calzedonia-per-il-coronavirus","status":"publish","type":"post","link":"https:\/\/ccic.hr\/it\/completato-il-test-sui-dipendenti-del-gruppo-calzedonia-per-il-coronavirus\/","title":{"rendered":"Completato il test sui dipendenti del Gruppo Calzedonia per il coronavirus"},"content":{"rendered":"\n<p>Positivamente, ce n&#8217;erano il tre per cento. I test rapidi sono stati consultati volontariamente da 1.747 dipendenti, 55 dei quali positivi.<\/p>\n\n\n\n<p>Come annunciato dal gruppo Calzedonia, i risultati hanno confermato che le misure di protezione che implementano nelle aziende sono corrette.<\/p>\n\n\n\n<p><em><strong>&#8211; Ci\u00f2 che mi rattrista come investitore straniero e presidente della Camera di Commercio Italo-Croata \u00e8 che nonostante tutti gli sforzi che facciamo per prevenire il contagio, o il meno possibile diffondersi tra i nostri lavoratori, abbiamo persino acquistato test sierologici per consentire il test a tutti coloro che vogliano farlo o hanno la necessit\u00e0, siamo ancora accusati di essere focolai del virus, ha detto Francesco Ruffoli, responsabile delle unit\u00e0 produttive di Calzedonia in Croazia e Bosnia e Erzegovina.<\/strong><\/em><\/p>\n\n\n\n<figure class=\"wp-block-image size-large\"><img fetchpriority=\"high\" decoding=\"async\" width=\"1024\" height=\"683\" src=\"https:\/\/ccic.hr\/it\/wp-content\/uploads\/sites\/2\/2020\/12\/francesco_ruffoli-1024x683-1.jpg\" alt=\"\" class=\"wp-image-2319\" srcset=\"https:\/\/ccic.hr\/it\/wp-content\/uploads\/sites\/2\/2020\/12\/francesco_ruffoli-1024x683-1.jpg 1024w, https:\/\/ccic.hr\/it\/wp-content\/uploads\/sites\/2\/2020\/12\/francesco_ruffoli-1024x683-1-300x200.jpg 300w, https:\/\/ccic.hr\/it\/wp-content\/uploads\/sites\/2\/2020\/12\/francesco_ruffoli-1024x683-1-768x512.jpg 768w\" sizes=\"(max-width: 1024px) 100vw, 1024px\" \/><\/figure>\n\n\n\n<p>Aggiunge che nessuno li ha contattati o ha cercato informazioni sulla situazione epidemiologica. Inoltre, sottolinea che senza prove, sulla base di segnalazioni anonime, i vertici del Comune di Vara\u017edin hanno stigmatizzato le loro aziende, e quindi i dipendenti che hanno subito disagi, con gravi accuse di reato di diffusione del contagio.<\/p>\n\n\n\n<p>Una dichiarazione del Gruppo Calzedonia afferma che &#8220;un simile approccio agli investitori seri, e soprattutto stranieri, \u00e8 un chiaro messaggio che non sono i benvenuti nella citt\u00e0 di Vara\u017edin.<\/p>\n\n\n\n<p>&#8211; Non so perch\u00e9 qualcuno si senta chiamato, perch\u00e9 Calzedonia non \u00e8 stata scelta per il test dalle autorita&#8217; di Citta&#8217; ma dall&#8217;Istituto croato di sanit\u00e0 pubblica. Ho detto molto tempo fa che non so perch\u00e9 li abbiano scelti. Ma che l&#8217;infezione si sta diffondendo in quelle aree dove c&#8217;\u00e8 molta gente e l&#8217;industria nel nostro paese, li ci sono molte persone, questo \u00e8 vero, ha detto il capo del quartier generale della Protezione civile della citt\u00e0 di Vara\u017edin Zlatan Avar.<\/p>\n\n\n\n<p>Tuttavia, dieci giorni fa, alla domanda sul perch\u00e9 Calzedonia fosse il primo a essere testato, Avar ha iniziato &#8230;<\/p>\n\n\n\n<p>&#8211; Lo dir\u00f2 ora pubblicamente &#8211; Penso che dovremmo andare a Calzedonia, Boxmark e Wolfsdorf, ha detto Avar il 9 dicembre 2020 per la trasmissione HTV &#8220;Panorama \u010cakovec &#8211; Vara\u017edin&#8221;.<\/p>\n\n\n\n<p>Tuttavia, sottolinea che il Comune di Vara\u017edin non ha mai menzionato Calzedonia come fonte di infezione, ma \u00e8 possibile che l&#8217;azienda sia stata scelta per i test perch\u00e9 ha due stabilimenti e il maggior numero di dipendenti.<\/p>\n","protected":false},"excerpt":{"rendered":"<p>Positivamente, ce n&#8217;erano il tre per cento. I test rapidi sono stati consultati volontariamente da 1.747 dipendenti, 55 dei quali positivi. Come annunciato dal gruppo Calzedonia, i risultati hanno confermato che le misure di protezione che implementano nelle aziende sono corrette. &#8211; Ci\u00f2 che mi rattrista come investitore straniero e presidente della Camera di Commercio [&hellip;]<\/p>\n","protected":false},"author":5,"featured_media":2320,"comment_status":"open","ping_status":"open","sticky":false,"template":"","format":"standard","meta":{"footnotes":""},"categories":[9,2],"tags":[],"class_list":["post-2318","post","type-post","status-publish","format-standard","has-post-thumbnail","hentry","category-in-evidenza","category-notizie"],"_links":{"self":[{"href":"https:\/\/ccic.hr\/it\/wp-json\/wp\/v2\/posts\/2318","targetHints":{"allow":["GET"]}}],"collection":[{"href":"https:\/\/ccic.hr\/it\/wp-json\/wp\/v2\/posts"}],"about":[{"href":"https:\/\/ccic.hr\/it\/wp-json\/wp\/v2\/types\/post"}],"author":[{"embeddable":true,"href":"https:\/\/ccic.hr\/it\/wp-json\/wp\/v2\/users\/5"}],"replies":[{"embeddable":true,"href":"https:\/\/ccic.hr\/it\/wp-json\/wp\/v2\/comments?post=2318"}],"version-history":[{"count":1,"href":"https:\/\/ccic.hr\/it\/wp-json\/wp\/v2\/posts\/2318\/revisions"}],"predecessor-version":[{"id":2321,"href":"https:\/\/ccic.hr\/it\/wp-json\/wp\/v2\/posts\/2318\/revisions\/2321"}],"wp:featuredmedia":[{"embeddable":true,"href":"https:\/\/ccic.hr\/it\/wp-json\/wp\/v2\/media\/2320"}],"wp:attachment":[{"href":"https:\/\/ccic.hr\/it\/wp-json\/wp\/v2\/media?parent=2318"}],"wp:term":[{"taxonomy":"category","embeddable":true,"href":"https:\/\/ccic.hr\/it\/wp-json\/wp\/v2\/categories?post=2318"},{"taxonomy":"post_tag","embeddable":true,"href":"https:\/\/ccic.hr\/it\/wp-json\/wp\/v2\/tags?post=2318"}],"curies":[{"name":"wp","href":"https:\/\/api.w.org\/{rel}","templated":true}]}}