{"id":2442,"date":"2021-03-10T12:08:31","date_gmt":"2021-03-10T11:08:31","guid":{"rendered":"https:\/\/ccic.hr\/it\/?p=2442"},"modified":"2021-03-10T12:08:42","modified_gmt":"2021-03-10T11:08:42","slug":"visita-del-segretario-generale-della-camera-di-commercio-italo-croata-andrea-perkov-al-cantiere-della-centrale-elettrica-di-zagabria-kke-el-to-zagreb","status":"publish","type":"post","link":"https:\/\/ccic.hr\/it\/visita-del-segretario-generale-della-camera-di-commercio-italo-croata-andrea-perkov-al-cantiere-della-centrale-elettrica-di-zagabria-kke-el-to-zagreb\/","title":{"rendered":"Visita del Segretario Generale della Camera di Commercio italo-croata, Andrea Perkov, al cantiere della centrale elettrica di Zagabria (KKE EL-TO Zagreb)"},"content":{"rendered":"\n<figure class=\"wp-block-image size-large\"><img fetchpriority=\"high\" decoding=\"async\" width=\"768\" height=\"1024\" src=\"https:\/\/ccic.hr\/it\/wp-content\/uploads\/sites\/2\/2021\/03\/KKE-768x1024.jpg\" alt=\"\" class=\"wp-image-2443\" srcset=\"https:\/\/ccic.hr\/it\/wp-content\/uploads\/sites\/2\/2021\/03\/KKE-768x1024.jpg 768w, https:\/\/ccic.hr\/it\/wp-content\/uploads\/sites\/2\/2021\/03\/KKE-225x300.jpg 225w, https:\/\/ccic.hr\/it\/wp-content\/uploads\/sites\/2\/2021\/03\/KKE.jpg 981w\" sizes=\"(max-width: 768px) 100vw, 768px\" \/><\/figure>\n\n\n\n<p>FATA S.p.A&nbsp; principale appaltatore del progetto di costruzione per il nuovo impianto, di un&#8217;unit\u00e0 di cogenerazione nella centrale elettrica di Zagabria (KKE EL-TO Zagreb), membro del Gruppo Danielli, e socio della Camera di Commercio italo-croata, sta portando avanti i lavori del suddetto impianto in modo egregio.<\/p>\n\n\n\n<p>A seguito della firma congiunta, nel 2018 di FATA S.p.A ed HEP d.d., relativa alla costruzione della nuova centrale elettrica che consta un valore progettuale di 900 milioni di kune, FATA S.p.A&nbsp; in qualit\u00e0 di socio della Camera di Commercio italo-croata, ha invitato il Segretario Generale della realt\u00e0 camerale, Andrea Perkov, a visitare il cantiere.<\/p>\n\n\n\n<p>Dal 19 dicembre 2019, data in cui venne posata la prima pietra per la costruzione del nuovo impianto per mano del Primo Ministro della Repubblica di Croazia Andrej Plenkovi\u0107; i lavori di costruzione dello stesso hanno fatto passi da gigante, nonostante le difficolt\u00e0 causate dal COVID-19.<\/p>\n\n\n\n<p>La centrale elettrica (KKE EL-TO Zagreb), essendo ad oggi nella cosiddetta \u201c fase di mezzo\u201c dei lavori, necessiter\u00e0&nbsp; ancora di almeno un anno per essere completata.<\/p>\n\n\n\n<p>Nonostante ci\u00f2 nel lungo periodo questo investimento porter\u00e0 diversi vantaggi inerenti il raggiungimento del 25% dei risparmi energeticidi di gas primario e ridurr\u00e0 significativamente le emissioni specifiche di CO2 e di inquinanti nei gas di combustione.<\/p>\n\n\n\n<p>KKE EL-TO Zagreb inoltre, approvigioner\u00e0 sicuramente una fonte di calore a lungo termine, utile ad 80.000 residenti siti nella parte occidentale di Zagrabia e fornir\u00e0 aprovvigionamenti di vapore commerciale ai clienti industriali.<\/p>\n\n\n\n<p>L&#8217;impianto dovrebbe essere completato all&#8217;inizio del 2022<\/p>\n\n\n\n<p>#insiemeperilsuccesso<\/p>\n\n\n\n<figure class=\"wp-block-image size-large\"><img decoding=\"async\" width=\"725\" height=\"967\" src=\"https:\/\/ccic.hr\/it\/wp-content\/uploads\/sites\/2\/2021\/03\/KKE2.jpg\" alt=\"\" class=\"wp-image-2444\" srcset=\"https:\/\/ccic.hr\/it\/wp-content\/uploads\/sites\/2\/2021\/03\/KKE2.jpg 725w, https:\/\/ccic.hr\/it\/wp-content\/uploads\/sites\/2\/2021\/03\/KKE2-225x300.jpg 225w\" sizes=\"(max-width: 725px) 100vw, 725px\" \/><\/figure>\n\n\n\n<figure class=\"wp-block-image size-large\"><img decoding=\"async\" width=\"722\" height=\"963\" src=\"https:\/\/ccic.hr\/it\/wp-content\/uploads\/sites\/2\/2021\/03\/KKE3.jpg\" alt=\"\" class=\"wp-image-2445\" srcset=\"https:\/\/ccic.hr\/it\/wp-content\/uploads\/sites\/2\/2021\/03\/KKE3.jpg 722w, https:\/\/ccic.hr\/it\/wp-content\/uploads\/sites\/2\/2021\/03\/KKE3-225x300.jpg 225w\" sizes=\"(max-width: 722px) 100vw, 722px\" \/><\/figure>\n\n\n\n<figure class=\"wp-block-image size-large\"><img loading=\"lazy\" decoding=\"async\" width=\"747\" height=\"996\" src=\"https:\/\/ccic.hr\/it\/wp-content\/uploads\/sites\/2\/2021\/03\/KKE4.jpg\" alt=\"\" class=\"wp-image-2446\" srcset=\"https:\/\/ccic.hr\/it\/wp-content\/uploads\/sites\/2\/2021\/03\/KKE4.jpg 747w, https:\/\/ccic.hr\/it\/wp-content\/uploads\/sites\/2\/2021\/03\/KKE4-225x300.jpg 225w\" sizes=\"(max-width: 747px) 100vw, 747px\" \/><\/figure>\n","protected":false},"excerpt":{"rendered":"<p>FATA S.p.A&nbsp; principale appaltatore del progetto di costruzione per il nuovo impianto, di un&#8217;unit\u00e0 di cogenerazione nella centrale elettrica di Zagabria (KKE EL-TO Zagreb), membro del Gruppo Danielli, e socio della Camera di Commercio italo-croata, sta portando avanti i lavori del suddetto impianto in modo egregio. A seguito della firma congiunta, nel 2018 di FATA [&hellip;]<\/p>\n","protected":false},"author":5,"featured_media":0,"comment_status":"open","ping_status":"open","sticky":false,"template":"","format":"standard","meta":{"footnotes":""},"categories":[9,2],"tags":[],"class_list":["post-2442","post","type-post","status-publish","format-standard","hentry","category-in-evidenza","category-notizie"],"_links":{"self":[{"href":"https:\/\/ccic.hr\/it\/wp-json\/wp\/v2\/posts\/2442","targetHints":{"allow":["GET"]}}],"collection":[{"href":"https:\/\/ccic.hr\/it\/wp-json\/wp\/v2\/posts"}],"about":[{"href":"https:\/\/ccic.hr\/it\/wp-json\/wp\/v2\/types\/post"}],"author":[{"embeddable":true,"href":"https:\/\/ccic.hr\/it\/wp-json\/wp\/v2\/users\/5"}],"replies":[{"embeddable":true,"href":"https:\/\/ccic.hr\/it\/wp-json\/wp\/v2\/comments?post=2442"}],"version-history":[{"count":1,"href":"https:\/\/ccic.hr\/it\/wp-json\/wp\/v2\/posts\/2442\/revisions"}],"predecessor-version":[{"id":2447,"href":"https:\/\/ccic.hr\/it\/wp-json\/wp\/v2\/posts\/2442\/revisions\/2447"}],"wp:attachment":[{"href":"https:\/\/ccic.hr\/it\/wp-json\/wp\/v2\/media?parent=2442"}],"wp:term":[{"taxonomy":"category","embeddable":true,"href":"https:\/\/ccic.hr\/it\/wp-json\/wp\/v2\/categories?post=2442"},{"taxonomy":"post_tag","embeddable":true,"href":"https:\/\/ccic.hr\/it\/wp-json\/wp\/v2\/tags?post=2442"}],"curies":[{"name":"wp","href":"https:\/\/api.w.org\/{rel}","templated":true}]}}