{"id":2900,"date":"2021-11-25T11:30:09","date_gmt":"2021-11-25T10:30:09","guid":{"rendered":"https:\/\/ccic.hr\/it\/?p=2900"},"modified":"2021-11-25T12:35:37","modified_gmt":"2021-11-25T11:35:37","slug":"vi-settimana-della-cucina-italiana-nel-mondo","status":"publish","type":"post","link":"https:\/\/ccic.hr\/it\/vi-settimana-della-cucina-italiana-nel-mondo\/","title":{"rendered":"VI Settimana della cucina Italiana nel mondo"},"content":{"rendered":"\n<blockquote class=\"wp-block-quote is-layout-flow wp-block-quote-is-layout-flow\"><p><\/p><cite><em>Tema dell&#8217;edizione: &#8220;Tradizione e prospettive della cucina italiana: consapevolezza e valorizzazione della sostenibilit\u00e0 alimentare&#8221;.<\/em> La rassegna, che si svolge dal <strong>22<\/strong> al <strong>28 novembre 2021<\/strong> presso la rete diplomatico-consolare all\u2019estero, si \u00e8 affermata negli anni come una delle <strong>iniziative di punta per promuovere all\u2019estero il meglio della filiera italiana agroalimentare<\/strong> e della tradizione eno-gastronomica, dimostrandosi uno dei pilastri della strategia di internazionalizzazione del Made in Italy delineata nel Patto per l\u2019export. Tante le iniziative organizzate dall&#8217;Ambasciata d&#8217;Italia a Zagabria con un vasto e diversificato programma di appuntamenti dedicati alla valorizzazione della sostenibilit\u00e0 della Dieta mediterranea: tra i pi\u00f9 importanti la premiazione del concorso sulla &#8220;Storia della cucina italiana&#8221; organizzato dal Consolato italiano a Fiume e un evento culinario all&#8217;Hotel Esplanade di Zagabria che ha visto come protagonista lo chef Carlo Cracco<\/cite><\/blockquote>\n\n\n\n<figure class=\"wp-block-image size-large\"><img fetchpriority=\"high\" decoding=\"async\" width=\"1024\" height=\"605\" src=\"https:\/\/ccic.hr\/it\/wp-content\/uploads\/sites\/2\/2021\/11\/Settimana-Cucina-Italiana-Mondo-2021-1024x605.png\" alt=\"\" class=\"wp-image-2903\" srcset=\"https:\/\/ccic.hr\/it\/wp-content\/uploads\/sites\/2\/2021\/11\/Settimana-Cucina-Italiana-Mondo-2021-1024x605.png 1024w, https:\/\/ccic.hr\/it\/wp-content\/uploads\/sites\/2\/2021\/11\/Settimana-Cucina-Italiana-Mondo-2021-300x177.png 300w, https:\/\/ccic.hr\/it\/wp-content\/uploads\/sites\/2\/2021\/11\/Settimana-Cucina-Italiana-Mondo-2021-768x454.png 768w, https:\/\/ccic.hr\/it\/wp-content\/uploads\/sites\/2\/2021\/11\/Settimana-Cucina-Italiana-Mondo-2021-1200x709.png 1200w, https:\/\/ccic.hr\/it\/wp-content\/uploads\/sites\/2\/2021\/11\/Settimana-Cucina-Italiana-Mondo-2021.png 1300w\" sizes=\"(max-width: 1024px) 100vw, 1024px\" \/><\/figure>\n\n\n\n<p>Quest&#8217;anno la rassegna della Settimana della Cucina italiana nel mondo, che si concluder\u00e0 domenica, 28 novembre, delineata nel patto per l&#8217;export, ha puntato non solo sulla valorizzazione della tradizione culinaria italiana, ma anche sulla consapevolezza della sostenibilit\u00e0 alimentare e del suo impatto ambientale. La Settimana si \u00e8 aperta luned\u00ec 22 novembre a <strong>Zagabria<\/strong> con una mostra fotografica inaugurata dall\u2019<strong>Ambasciatore Pierfrancesco Sacco<\/strong> in una delle piazze principali della capitale: la mostra sar\u00e0 incentrata su due associazioni (\u201cBella Dentro\u201d di Milano e \u201cFondazione Dieta Mediterranea\u201d di Brindisi) che si dedicano alla lotta allo spreco alimentare e alla promozione della dieta mediterranea.<\/p>\n\n\n\n<div class=\"wp-block-image\"><figure class=\"alignright size-full is-resized\"><img decoding=\"async\" src=\"https:\/\/ccic.hr\/it\/wp-content\/uploads\/sites\/2\/2021\/11\/FAX_01-696x464-1.jpg\" alt=\"\" class=\"wp-image-2902\" width=\"565\" height=\"377\" srcset=\"https:\/\/ccic.hr\/it\/wp-content\/uploads\/sites\/2\/2021\/11\/FAX_01-696x464-1.jpg 696w, https:\/\/ccic.hr\/it\/wp-content\/uploads\/sites\/2\/2021\/11\/FAX_01-696x464-1-300x200.jpg 300w\" sizes=\"(max-width: 565px) 100vw, 565px\" \/><figcaption><em>Gianna Mazzieri Sankovi\u0107, Davide Bradanini e Luca Malatesti<\/em><\/figcaption><\/figure><\/div>\n\n\n\n<p>E anche quuest&#8217;anno  gli studenti della Laurea Triennale del Dipartimento di Italianistica della Facolt\u00e0 di Lettere e Filosofia dell\u2019Universit\u00e0 di Fiume hanno partecipato all\u2019iniziativa promossa dal Ministero degli Affari Esteri e della Cooperazione Internazionale (MAECI) e localmente organizzata dal Consolato Generale d\u2019Italia a Fiume.<br>Premiati tre studenti del Dipartimento di Italianistica di Fiume che hanno presentato le migliori ricette della tradizione del Belpaese pi\u00f9 in linea con la coscienza ecologica. Alla cerimonia di premiazione delle ricette pi\u00f9 originali ed ecologicamente sostenibili, tenutasi ieri alla Facolt\u00e0 di Lettere e Filosofia di Fiume, hanno salutato i ragazzi la capodipartimento Gianna Mazzieri-Sankovi\u0107, il Console generale d\u2019Italia a Fiume, Davide Bradanini e la rappresentante della Camera di Commercio Italo-Croata, Iva Lesjak.<br>\u201cQuest\u2019anno abbiamo abbracciato il tema della gastronomia in luce della coscienza ecologica che si sta risvegliando sempre di pi\u00f9 in un mondo globalizzato e abbiamo cercato di tenere a mente il lato pratico della preparazione delle pietanze\u201d.<\/p>\n\n\n\n<p>Agli studenti si \u00e8 rivolto anche il Console Davide Bradanini, il quale ha espresso la propria soddisfazione per aver potuto incontrare i ragazzi in presenza.<\/p>\n\n\n\n<p>\u201cNon c\u2019\u00e8 Paese al mondo in cui la gastronomia sia sinonimo di cultura come in Italia \u2013 ha illustrato -. La cucina italiana \u00e8 contrassegnata da una ricchezza regionale e locale che prende le forme pi\u00f9 disparate, e l\u2019Italia \u00e8 la prima in Europa per quanto riguarda le tematiche ambientali nel settore gastronomico, per l\u2019utilizzo di prodotti stagionali e prodotti a chilometro zero.<\/p>\n\n\n\n<p>A presentare le studentesse premiate \u00e8 stato Diego Sbacchi, docente al Dipartimento di Italianistica, nonch\u00e9 membro della commissione giudicatrice. Il premio per il miglior primo piatto \u00e8 andato a Valentina Boli\u0107 per la ricetta della pasta al pesto genovese, nella quale \u00e8 stato illustrato non solo come fare in pochi passi l\u2019aromatico pesto, ma anche come fare la pasta in casa.<br>Il premio per il miglior secondo piatto \u00e8 stato vinto da Cristina Lubiana, la quale ha parlato dello spezzatino di vitello con la polenta, mentre il premio per il miglior dessert \u00e8 andato a Mikela Klaj per \u201cla pavlova del riciclo\u201d. Quest\u2019ultima ricetta si allontana dai classici della cucina italiana, ma in compenso illustra come utilizzare gli avanzi di panettone, pandoro o colomba.<br>Tra i premi consegnati alle vincitrici c\u2019\u00e8 pure il libro di ricette tradizionali fiumane della poetessa Laura Marchig.<\/p>\n\n\n\n<h2 class=\"wp-block-heading\">Carlo Cracco, star della Cucina italiana, ospite a Zagabria<\/h2>\n\n\n\n<figure class=\"wp-block-embed is-type-video is-provider-youtube wp-block-embed-youtube wp-embed-aspect-16-9 wp-has-aspect-ratio\"><div class=\"wp-block-embed__wrapper\">\n<iframe title=\"Carlo Cracco\" width=\"800\" height=\"450\" src=\"https:\/\/www.youtube.com\/embed\/L2kcRGqULWw?start=39&#038;feature=oembed\" frameborder=\"0\" allow=\"accelerometer; autoplay; clipboard-write; encrypted-media; gyroscope; picture-in-picture; web-share\" referrerpolicy=\"strict-origin-when-cross-origin\" allowfullscreen><\/iframe>\n<\/div><figcaption><em>Oltre alla premiazione del concorso sulla Storia della cucina italiana, organizzata dal Consolato di Fiume, l&#8217;Ambasciata d&#8217;Italiaha organizzato un evento culinario all&#8217;Hotel Esplanade di Zagabria che ha visto come principale ospite lo Chef Star Carlo Cracco. <\/em><\/figcaption><\/figure>\n\n\n\n<p>Carlo Cracco, chef stellato vicentino  di fama mondiale e star dei principali programmi televisivi di cucina, \u00e8 stato il grande protagonista dell\u2019evento clou della Settimana della Cucina italiana nel Mondo svoltosi all\u2019Hotel Esplanade di Zagabria. Durante la rassegna gastronomica Cracco,&nbsp;affiancato dalla chef Ana Grgi\u0107, ha preparato una cena di gala con un men\u00f9 attento al tema della sostenibilit\u00e0. Erano presenti alti esponenti del mondo della finanza, della politica, e dell&#8217;economia, Italiani e Croati<\/p>\n\n\n\n<p>Le parole d&#8217;ordine dell&#8217;evento erano: tradizione culinaria, cultura e sostenibilit\u00e0 ambientale. <\/p>\n\n\n\n<figure class=\"wp-block-image\"><img decoding=\"async\" src=\"https:\/\/lavoce.hr\/wp-content\/uploads\/2021\/11\/MOSTRA_13-1024x682.jpg\" alt=\"\" class=\"wp-image-88341\" \/><\/figure>\n\n\n\n<figure class=\"wp-block-image\"><img decoding=\"async\" src=\"https:\/\/lavoce.hr\/wp-content\/uploads\/2021\/11\/MOSTRA_16-1024x682.jpg\" alt=\"\" class=\"wp-image-88343\" \/><\/figure>\n\n\n\n<figure class=\"wp-block-image\"><img decoding=\"async\" src=\"https:\/\/lavoce.hr\/wp-content\/uploads\/2021\/11\/MOSTRA_17-1024x663.jpg\" alt=\"\" class=\"wp-image-88344\" \/><\/figure>\n\n\n\n<figure class=\"wp-block-image\"><img decoding=\"async\" src=\"https:\/\/lavoce.hr\/wp-content\/uploads\/2021\/11\/MOSTRA_18-1024x682.jpg\" alt=\"\" class=\"wp-image-88345\" \/><\/figure>\n\n\n\n<figure class=\"wp-block-image\"><img decoding=\"async\" src=\"https:\/\/lavoce.hr\/wp-content\/uploads\/2021\/11\/MOSTRA_21-1024x682.jpg\" alt=\"\" class=\"wp-image-88347\" \/><\/figure>\n","protected":false},"excerpt":{"rendered":"<p>Tema dell&#8217;edizione: &#8220;Tradizione e prospettive della cucina italiana: consapevolezza e valorizzazione della sostenibilit\u00e0 alimentare&#8221;. La rassegna, che si svolge dal 22 al 28 novembre 2021 presso la rete diplomatico-consolare all\u2019estero, si \u00e8 affermata negli anni come una delle iniziative di punta per promuovere all\u2019estero il meglio della filiera italiana agroalimentare e della tradizione eno-gastronomica, dimostrandosi [&hellip;]<\/p>\n","protected":false},"author":5,"featured_media":2904,"comment_status":"open","ping_status":"open","sticky":false,"template":"","format":"standard","meta":{"footnotes":""},"categories":[12,3,9,1,2],"tags":[],"class_list":["post-2900","post","type-post","status-publish","format-standard","has-post-thumbnail","hentry","category-avvisi-2","category-eventi","category-in-evidenza","category-nekategorizirano","category-notizie"],"_links":{"self":[{"href":"https:\/\/ccic.hr\/it\/wp-json\/wp\/v2\/posts\/2900","targetHints":{"allow":["GET"]}}],"collection":[{"href":"https:\/\/ccic.hr\/it\/wp-json\/wp\/v2\/posts"}],"about":[{"href":"https:\/\/ccic.hr\/it\/wp-json\/wp\/v2\/types\/post"}],"author":[{"embeddable":true,"href":"https:\/\/ccic.hr\/it\/wp-json\/wp\/v2\/users\/5"}],"replies":[{"embeddable":true,"href":"https:\/\/ccic.hr\/it\/wp-json\/wp\/v2\/comments?post=2900"}],"version-history":[{"count":2,"href":"https:\/\/ccic.hr\/it\/wp-json\/wp\/v2\/posts\/2900\/revisions"}],"predecessor-version":[{"id":2916,"href":"https:\/\/ccic.hr\/it\/wp-json\/wp\/v2\/posts\/2900\/revisions\/2916"}],"wp:featuredmedia":[{"embeddable":true,"href":"https:\/\/ccic.hr\/it\/wp-json\/wp\/v2\/media\/2904"}],"wp:attachment":[{"href":"https:\/\/ccic.hr\/it\/wp-json\/wp\/v2\/media?parent=2900"}],"wp:term":[{"taxonomy":"category","embeddable":true,"href":"https:\/\/ccic.hr\/it\/wp-json\/wp\/v2\/categories?post=2900"},{"taxonomy":"post_tag","embeddable":true,"href":"https:\/\/ccic.hr\/it\/wp-json\/wp\/v2\/tags?post=2900"}],"curies":[{"name":"wp","href":"https:\/\/api.w.org\/{rel}","templated":true}]}}