{"id":2981,"date":"2021-12-03T13:06:04","date_gmt":"2021-12-03T12:06:04","guid":{"rendered":"https:\/\/ccic.hr\/it\/?p=2981"},"modified":"2021-12-03T13:07:08","modified_gmt":"2021-12-03T12:07:08","slug":"convention-mondiale-assocamerestero","status":"publish","type":"post","link":"https:\/\/ccic.hr\/it\/convention-mondiale-assocamerestero\/","title":{"rendered":"Convention Mondiale AssoCamerestero"},"content":{"rendered":"\n<p>29 Novembre-2 Dicembre 2021<\/p>\n\n\n\n<p>Si \u00e8 conclusa ieri la Convention digitale delle Camere di Commercio Italiane all\u2019Estero, dove sono state presentate le diverse possibilita per export Italiano. Il 29 novembre il nostro segretario generale, Andrea perkov, ha presentato la Croazia, le possibilit\u00e0 di collaborazione per le aziende italiane, e i principali settori su cui si baser\u00e0 la ricrescita post pandemica della Repubblica di Croazia. Sicuramente, il principale settore individuato dalla CCIC riguarda il settore degli investimenti sulle infrastrutture civili e private, in modo da velocizzare il pi\u00f9 possibile il ripristino dei danni causati dai terremoti che hanno colpito la Croazia a Marzo e a Dicembre 2020.<\/p>\n\n\n\n<p>Ai 633 incontri informativi one-to-one tra i delegati esteri e le imprese iscritte al progetto <a href=\"https:\/\/www.facebook.com\/hashtag\/sei?__eep__=6&amp;__cft__%5b0%5d=AZVLQv0eibu3C4csCq7Wsg7O6GIaVH4ltMExRhVHn6HWFQraKSpIVepsEWA3oOdszzeqhofEWNpnEBN-BKk6ih_QecijciutESm3KPfFuPk4QWw1DqaZinivvHMAcJ1qMzgrlltYhobThr24vxjkG57o&amp;__tn__=*NK-R\">#SEI<\/a> ed al Webinar \u201cIl supporto all\u2019attrattivit\u00e1 dei territori e agli investitori esteri in Italia: la costruzione di un modello del sistema camerale&#8221;, mercoled\u00ec 1 dicembre si \u00e9 svolta la riunione assembleare dell\u2019Associazione <a href=\"https:\/\/www.facebook.com\/assocamerestero\/?__cft__%5b0%5d=AZVLQv0eibu3C4csCq7Wsg7O6GIaVH4ltMExRhVHn6HWFQraKSpIVepsEWA3oOdszzeqhofEWNpnEBN-BKk6ih_QecijciutESm3KPfFuPk4QWw1DqaZinivvHMAcJ1qMzgrlltYhobThr24vxjkG57o&amp;__tn__=kK-R\">Assocamerestero<\/a>.<\/p>\n\n\n\n<p>All\u2019evento realizzato in formula ibrida hanno preso parte virtualmente i Presidenti e i Segretari Generali del sistema camerale italiano all\u2019estero, unitamente al Presidente di <a href=\"https:\/\/www.facebook.com\/Unioncamere\/?__cft__%5b0%5d=AZVLQv0eibu3C4csCq7Wsg7O6GIaVH4ltMExRhVHn6HWFQraKSpIVepsEWA3oOdszzeqhofEWNpnEBN-BKk6ih_QecijciutESm3KPfFuPk4QWw1DqaZinivvHMAcJ1qMzgrlltYhobThr24vxjkG57o&amp;__tn__=kK-R\">Unioncamere<\/a>, Andrea Prete, al Presidente di Assocamerestero, Gian Domenico Auricchio, al Segretario Generale di Assocamerestero, Domenico Mauriello, al Segretario Generale di Unioncamere, Giuseppe Tripoli, quest\u2019ultimi in diretta dalla sala Longhi di Unioncamere.<\/p>\n\n\n\n<p>Le presentazioni dei paesi sono state seguite da diversi B2B con le aziende italiane partecipanti l\u2019evento, volti allo sviluppo e al miglioramento di pi\u00f9 intensi rapporti economici e commerciali tra l\u2019italia e la croazia e per stimolare sempre di pi\u00f9 l\u2019internazionalizzazione delle PMI.<\/p>\n\n\n\n<p>Vi auguriamo uno splendido weekend<\/p>\n\n\n\n<p>#insiemeperilsuccesso<\/p>\n\n\n\n<figure class=\"wp-block-gallery columns-3 is-cropped wp-block-gallery-1 is-layout-flex wp-block-gallery-is-layout-flex\"><ul class=\"blocks-gallery-grid\"><li class=\"blocks-gallery-item\"><figure><img fetchpriority=\"high\" decoding=\"async\" width=\"960\" height=\"540\" src=\"https:\/\/ccic.hr\/it\/wp-content\/uploads\/sites\/2\/2021\/12\/263192703_4881246038563533_1882580431507458540_n-1.jpg\" alt=\"\" data-id=\"2983\" data-link=\"https:\/\/ccic.hr\/it\/?attachment_id=2983\" class=\"wp-image-2983\" srcset=\"https:\/\/ccic.hr\/it\/wp-content\/uploads\/sites\/2\/2021\/12\/263192703_4881246038563533_1882580431507458540_n-1.jpg 960w, https:\/\/ccic.hr\/it\/wp-content\/uploads\/sites\/2\/2021\/12\/263192703_4881246038563533_1882580431507458540_n-1-300x169.jpg 300w, https:\/\/ccic.hr\/it\/wp-content\/uploads\/sites\/2\/2021\/12\/263192703_4881246038563533_1882580431507458540_n-1-768x432.jpg 768w\" sizes=\"(max-width: 960px) 100vw, 960px\" \/><\/figure><\/li><li class=\"blocks-gallery-item\"><figure><img decoding=\"async\" width=\"960\" height=\"720\" src=\"https:\/\/ccic.hr\/it\/wp-content\/uploads\/sites\/2\/2021\/12\/263265634_4881247015230102_2183940775422726112_n.jpg\" alt=\"\" data-id=\"2984\" data-link=\"https:\/\/ccic.hr\/it\/?attachment_id=2984\" class=\"wp-image-2984\" srcset=\"https:\/\/ccic.hr\/it\/wp-content\/uploads\/sites\/2\/2021\/12\/263265634_4881247015230102_2183940775422726112_n.jpg 960w, https:\/\/ccic.hr\/it\/wp-content\/uploads\/sites\/2\/2021\/12\/263265634_4881247015230102_2183940775422726112_n-300x225.jpg 300w, https:\/\/ccic.hr\/it\/wp-content\/uploads\/sites\/2\/2021\/12\/263265634_4881247015230102_2183940775422726112_n-768x576.jpg 768w\" sizes=\"(max-width: 960px) 100vw, 960px\" \/><\/figure><\/li><li class=\"blocks-gallery-item\"><figure><img decoding=\"async\" width=\"960\" height=\"720\" src=\"https:\/\/ccic.hr\/it\/wp-content\/uploads\/sites\/2\/2021\/12\/263272065_4881246451896825_7952697992617374272_n.jpg\" alt=\"\" data-id=\"2985\" data-full-url=\"https:\/\/ccic.hr\/it\/wp-content\/uploads\/sites\/2\/2021\/12\/263272065_4881246451896825_7952697992617374272_n.jpg\" data-link=\"https:\/\/ccic.hr\/it\/?attachment_id=2985\" class=\"wp-image-2985\" srcset=\"https:\/\/ccic.hr\/it\/wp-content\/uploads\/sites\/2\/2021\/12\/263272065_4881246451896825_7952697992617374272_n.jpg 960w, https:\/\/ccic.hr\/it\/wp-content\/uploads\/sites\/2\/2021\/12\/263272065_4881246451896825_7952697992617374272_n-300x225.jpg 300w, https:\/\/ccic.hr\/it\/wp-content\/uploads\/sites\/2\/2021\/12\/263272065_4881246451896825_7952697992617374272_n-768x576.jpg 768w\" sizes=\"(max-width: 960px) 100vw, 960px\" \/><\/figure><\/li><li class=\"blocks-gallery-item\"><figure><img loading=\"lazy\" decoding=\"async\" width=\"960\" height=\"720\" src=\"https:\/\/ccic.hr\/it\/wp-content\/uploads\/sites\/2\/2021\/12\/263285461_4881246311896839_1513106590117465540_n.jpg\" alt=\"\" data-id=\"2986\" data-full-url=\"https:\/\/ccic.hr\/it\/wp-content\/uploads\/sites\/2\/2021\/12\/263285461_4881246311896839_1513106590117465540_n.jpg\" data-link=\"https:\/\/ccic.hr\/it\/?attachment_id=2986\" class=\"wp-image-2986\" srcset=\"https:\/\/ccic.hr\/it\/wp-content\/uploads\/sites\/2\/2021\/12\/263285461_4881246311896839_1513106590117465540_n.jpg 960w, https:\/\/ccic.hr\/it\/wp-content\/uploads\/sites\/2\/2021\/12\/263285461_4881246311896839_1513106590117465540_n-300x225.jpg 300w, https:\/\/ccic.hr\/it\/wp-content\/uploads\/sites\/2\/2021\/12\/263285461_4881246311896839_1513106590117465540_n-768x576.jpg 768w\" sizes=\"(max-width: 960px) 100vw, 960px\" \/><\/figure><\/li><li class=\"blocks-gallery-item\"><figure><img loading=\"lazy\" decoding=\"async\" width=\"960\" height=\"720\" src=\"https:\/\/ccic.hr\/it\/wp-content\/uploads\/sites\/2\/2021\/12\/263399165_4881246725230131_8312544280643521318_n.jpg\" alt=\"\" data-id=\"2987\" data-full-url=\"https:\/\/ccic.hr\/it\/wp-content\/uploads\/sites\/2\/2021\/12\/263399165_4881246725230131_8312544280643521318_n.jpg\" data-link=\"https:\/\/ccic.hr\/it\/?attachment_id=2987\" class=\"wp-image-2987\" srcset=\"https:\/\/ccic.hr\/it\/wp-content\/uploads\/sites\/2\/2021\/12\/263399165_4881246725230131_8312544280643521318_n.jpg 960w, https:\/\/ccic.hr\/it\/wp-content\/uploads\/sites\/2\/2021\/12\/263399165_4881246725230131_8312544280643521318_n-300x225.jpg 300w, https:\/\/ccic.hr\/it\/wp-content\/uploads\/sites\/2\/2021\/12\/263399165_4881246725230131_8312544280643521318_n-768x576.jpg 768w\" sizes=\"(max-width: 960px) 100vw, 960px\" \/><\/figure><\/li><li class=\"blocks-gallery-item\"><figure><img loading=\"lazy\" decoding=\"async\" width=\"960\" height=\"720\" src=\"https:\/\/ccic.hr\/it\/wp-content\/uploads\/sites\/2\/2021\/12\/263835877_4881246758563461_3051670695757278627_n.jpg\" alt=\"\" data-id=\"2988\" data-full-url=\"https:\/\/ccic.hr\/it\/wp-content\/uploads\/sites\/2\/2021\/12\/263835877_4881246758563461_3051670695757278627_n.jpg\" data-link=\"https:\/\/ccic.hr\/it\/?attachment_id=2988\" class=\"wp-image-2988\" srcset=\"https:\/\/ccic.hr\/it\/wp-content\/uploads\/sites\/2\/2021\/12\/263835877_4881246758563461_3051670695757278627_n.jpg 960w, https:\/\/ccic.hr\/it\/wp-content\/uploads\/sites\/2\/2021\/12\/263835877_4881246758563461_3051670695757278627_n-300x225.jpg 300w, https:\/\/ccic.hr\/it\/wp-content\/uploads\/sites\/2\/2021\/12\/263835877_4881246758563461_3051670695757278627_n-768x576.jpg 768w\" sizes=\"(max-width: 960px) 100vw, 960px\" \/><\/figure><\/li><\/ul><\/figure>\n","protected":false},"excerpt":{"rendered":"<p>29 Novembre-2 Dicembre 2021 Si \u00e8 conclusa ieri la Convention digitale delle Camere di Commercio Italiane all\u2019Estero, dove sono state presentate le diverse possibilita per export Italiano. Il 29 novembre il nostro segretario generale, Andrea perkov, ha presentato la Croazia, le possibilit\u00e0 di collaborazione per le aziende italiane, e i principali settori su cui si [&hellip;]<\/p>\n","protected":false},"author":5,"featured_media":2982,"comment_status":"open","ping_status":"open","sticky":false,"template":"","format":"standard","meta":{"footnotes":""},"categories":[12,3,9,2],"tags":[],"class_list":["post-2981","post","type-post","status-publish","format-standard","has-post-thumbnail","hentry","category-avvisi-2","category-eventi","category-in-evidenza","category-notizie"],"_links":{"self":[{"href":"https:\/\/ccic.hr\/it\/wp-json\/wp\/v2\/posts\/2981","targetHints":{"allow":["GET"]}}],"collection":[{"href":"https:\/\/ccic.hr\/it\/wp-json\/wp\/v2\/posts"}],"about":[{"href":"https:\/\/ccic.hr\/it\/wp-json\/wp\/v2\/types\/post"}],"author":[{"embeddable":true,"href":"https:\/\/ccic.hr\/it\/wp-json\/wp\/v2\/users\/5"}],"replies":[{"embeddable":true,"href":"https:\/\/ccic.hr\/it\/wp-json\/wp\/v2\/comments?post=2981"}],"version-history":[{"count":1,"href":"https:\/\/ccic.hr\/it\/wp-json\/wp\/v2\/posts\/2981\/revisions"}],"predecessor-version":[{"id":2989,"href":"https:\/\/ccic.hr\/it\/wp-json\/wp\/v2\/posts\/2981\/revisions\/2989"}],"wp:featuredmedia":[{"embeddable":true,"href":"https:\/\/ccic.hr\/it\/wp-json\/wp\/v2\/media\/2982"}],"wp:attachment":[{"href":"https:\/\/ccic.hr\/it\/wp-json\/wp\/v2\/media?parent=2981"}],"wp:term":[{"taxonomy":"category","embeddable":true,"href":"https:\/\/ccic.hr\/it\/wp-json\/wp\/v2\/categories?post=2981"},{"taxonomy":"post_tag","embeddable":true,"href":"https:\/\/ccic.hr\/it\/wp-json\/wp\/v2\/tags?post=2981"}],"curies":[{"name":"wp","href":"https:\/\/api.w.org\/{rel}","templated":true}]}}