{"id":3004,"date":"2021-12-21T17:32:52","date_gmt":"2021-12-21T16:32:52","guid":{"rendered":"https:\/\/ccic.hr\/it\/?p=3004"},"modified":"2023-05-29T18:40:11","modified_gmt":"2023-05-29T16:40:11","slug":"trasmettiamo-con-piacere-il-messaggio-del-presidente-della-camera-di-commercio-italo-croata","status":"publish","type":"post","link":"https:\/\/ccic.hr\/it\/trasmettiamo-con-piacere-il-messaggio-del-presidente-della-camera-di-commercio-italo-croata\/","title":{"rendered":"Trasmettiamo con piacere il messaggio del Presidente della Camera di commercio italo croata:"},"content":{"rendered":"\n<p>Cari associati,<\/p>\n\n\n\n<p>l\u2019anno 2021 sta giungendo al termine ed \u00e8 arrivato il momento dei bilanci.<\/p>\n\n\n\n<p>Malgrado le ben note problematiche legate alla pandemia, che hanno reso l\u2019anno in corso particolarmente impegnativo, grazie al supporto delle istituzioni e con il vostro fondamentale contributo \u00e8 stato possibile raggiungere tutti gli obiettivi preventivati con risultati che sono andati oltre ogni pi\u00f9 rosea aspettativa.<\/p>\n\n\n\n<p>Con questa mail voglio ringraziare tutti Voi per la fiducia che riponete nella Camera, visti l\u2019entusiasmo e la passione dimostrati nei confronti delle iniziative proposte dai membri dei vari comitati camerali.<\/p>\n\n\n\n<p>In un anno nel quale temevamo una contrazione come numero di associati, &nbsp;non solo abbiamo mantenuto lo status quo, ma siamo riusciti ad incrementare il numero di associati, con l\u2019ingresso nella famiglia di importanti aziende Italiane riconosciute a livello globale.<\/p>\n\n\n\n<p>Ora per\u00f2 \u00e8 giunto il momento di recuperare energie, di trascorrere in pace ed armonia le prossime festivit\u00e0 natalizie, di regalare e regalarci momenti di serenit\u00e0 vicino ai nostri affetti pi\u00f9 cari.<\/p>\n\n\n\n<p>Auguro pertanto a tutti voi un gioioso e felice Natale ed un prospero 2022.<\/p>\n\n\n\n<p>Claudio Canaccini<\/p>\n\n\n\n<p>Presidente CCIC<\/p>\n","protected":false},"excerpt":{"rendered":"<p>Cari associati, l\u2019anno 2021 sta giungendo al termine ed \u00e8 arrivato il momento dei bilanci. Malgrado le ben note problematiche legate alla pandemia, che hanno reso l\u2019anno in corso particolarmente impegnativo, grazie al supporto delle istituzioni e con il vostro fondamentale contributo \u00e8 stato possibile raggiungere tutti gli obiettivi preventivati con risultati che sono andati [&hellip;]<\/p>\n","protected":false},"author":5,"featured_media":3005,"comment_status":"open","ping_status":"open","sticky":false,"template":"","format":"standard","meta":{"footnotes":""},"categories":[11,9,2],"tags":[],"class_list":["post-3004","post","type-post","status-publish","format-standard","has-post-thumbnail","hentry","category-avvisi","category-in-evidenza","category-notizie"],"_links":{"self":[{"href":"https:\/\/ccic.hr\/it\/wp-json\/wp\/v2\/posts\/3004","targetHints":{"allow":["GET"]}}],"collection":[{"href":"https:\/\/ccic.hr\/it\/wp-json\/wp\/v2\/posts"}],"about":[{"href":"https:\/\/ccic.hr\/it\/wp-json\/wp\/v2\/types\/post"}],"author":[{"embeddable":true,"href":"https:\/\/ccic.hr\/it\/wp-json\/wp\/v2\/users\/5"}],"replies":[{"embeddable":true,"href":"https:\/\/ccic.hr\/it\/wp-json\/wp\/v2\/comments?post=3004"}],"version-history":[{"count":1,"href":"https:\/\/ccic.hr\/it\/wp-json\/wp\/v2\/posts\/3004\/revisions"}],"predecessor-version":[{"id":3006,"href":"https:\/\/ccic.hr\/it\/wp-json\/wp\/v2\/posts\/3004\/revisions\/3006"}],"wp:featuredmedia":[{"embeddable":true,"href":"https:\/\/ccic.hr\/it\/wp-json\/wp\/v2\/media\/3005"}],"wp:attachment":[{"href":"https:\/\/ccic.hr\/it\/wp-json\/wp\/v2\/media?parent=3004"}],"wp:term":[{"taxonomy":"category","embeddable":true,"href":"https:\/\/ccic.hr\/it\/wp-json\/wp\/v2\/categories?post=3004"},{"taxonomy":"post_tag","embeddable":true,"href":"https:\/\/ccic.hr\/it\/wp-json\/wp\/v2\/tags?post=3004"}],"curies":[{"name":"wp","href":"https:\/\/api.w.org\/{rel}","templated":true}]}}