{"id":3012,"date":"2022-01-24T10:12:00","date_gmt":"2022-01-24T09:12:00","guid":{"rendered":"https:\/\/ccic.hr\/it\/?p=3012"},"modified":"2023-05-29T18:40:18","modified_gmt":"2023-05-29T16:40:18","slug":"istituito-fondo-ue-per-la-protezione-della-proprieta-intellettuale-delle-piccole-e-medie-imprese","status":"publish","type":"post","link":"https:\/\/ccic.hr\/it\/istituito-fondo-ue-per-la-protezione-della-proprieta-intellettuale-delle-piccole-e-medie-imprese\/","title":{"rendered":"ISTITUITO FONDO UE PER LA PROTEZIONE DELLA PROPRIET\u00e0 INTELLETTUALE DELLE PICCOLE E MEDIE IMPRESE"},"content":{"rendered":"\n<p>All\u2019interno dell\u2019iniziativa \u201cIdeas Powered for Business\u201d, con l\u2019obbiettivo di assistere le piccole e medie imprese (PMI) con gli affari dell\u2019UE per proteggere la loro propriet\u00e0 intellettuale, la Commissione europea e l\u2019ufficio della propriet\u00e0 intellettuale dell\u2019UE hanno istituito un nuovo fondo per le PMI su questo tema. Il bilancio ammonta a 47 milioni di EUR e fornir\u00e0 i seguenti servizi:<\/p>\n\n\n\n<ul class=\"wp-block-list\"><li>Restituisce il 90% delle tariffe che gli stati membri addebitano per i servizi di test diagnostici (Scansione IP), che forniscono una valutazione completa delle esigenze delle PMI per la protezione della propriet\u00e0 intellettuale, tenendo conto del potenziale dell\u2019innovazione delle sue attivit\u00e0 immateriali;<\/li><li>Restituisce il 75% delle tariffe applicate dagli uffici della propriet\u00e0 intellettuale (compresi gli uffici nazionali della propriet\u00e0 intellettuale, l\u2019ufficio europeo della propriet\u00e0 intellettuale e l\u2019ufficio del Benelux della propriet\u00e0 intellettuale) per la registrazione dei marchi e dei disegni;<\/li><li>Restituisce il 50% delle tariffe applicate dall\u2019organizzazione mondiale della propriet\u00e0 intellettuale per ottenere un marchio internazionale e la protezione del design;<\/li><li>Restituisce il 50% delle tariffe applicate dagli uffici di registrazione dei brevetti nazionali nel 2022.<\/li><\/ul>\n\n\n\n<p>Dal 2023 \u00e8 possibile richiedere il sostegno per ulteriori servizi, ad esempio il rimborso parziale dei precedenti costi di ricerca dei brevetti prima della loro presentazione; consulenza legale sulla propriet\u00e0 intellettuale addebitata da avvocati di propriet\u00e0 intellettuale (per la registrazione dei brevetti, i contratti di licenza, la valutazione dei valori di propriet\u00e0 intellettuale, i costi di risoluzione delle controversie alternative, ecc.).<\/p>\n\n\n\n<p>Al fine di proteggere le loro innovazioni, le PMI hanno bisogno di un pacchetto flessibile di strumenti per la protezione della propriet\u00e0 intellettuale e il finanziamento rapido. Pertanto, il nuovo fondo per le PMI dell\u2019UE comprende anche i brevetti per la prima volta. Ad esempio, la PMI potrebbe richiedere un rimborso per la quota di iscrizione per il brevetto dell\u2019invenzione nello Stato membro.<\/p>\n\n\n\n<p>L\u2019ufficio della propriet\u00e0 intellettuale europea lavorer\u00e0 a contatto col fondo per le PMI a chiamata suggerendo proposte. Al fine di garantire un trattamento equo e uguale ai potenziali fruitori e una gestione efficiente di questa iniziativa, la richiesta di sovvenzione sar\u00e0 aperta durante il periodo dal 2022 al 2024. Le applicazioni saranno riviste e valutate in base all\u2019ordine della presentazione.<\/p>\n\n\n\n<p>Maggiori informazioni sul fondo istituito potete trovarle alla pagina web: https:\/\/euipo.europa.eu\/ohimportal\/hr\/online-services\/sme-fund <\/p>\n\n\n\n<figure class=\"wp-block-embed\"><div class=\"wp-block-embed__wrapper\">\nhttps:\/\/euipo.europa.eu\/ohimportal\/hr\/online-services\/sme-fund\n<\/div><\/figure>\n","protected":false},"excerpt":{"rendered":"<p>All\u2019interno dell\u2019iniziativa \u201cIdeas Powered for Business\u201d, con l\u2019obbiettivo di assistere le piccole e medie imprese (PMI) con gli affari dell\u2019UE per proteggere la loro propriet\u00e0 intellettuale, la Commissione europea e l\u2019ufficio della propriet\u00e0 intellettuale dell\u2019UE hanno istituito un nuovo fondo per le PMI su questo tema. Il bilancio ammonta a 47 milioni di EUR e [&hellip;]<\/p>\n","protected":false},"author":5,"featured_media":3013,"comment_status":"open","ping_status":"open","sticky":false,"template":"","format":"standard","meta":{"footnotes":""},"categories":[11,8,9],"tags":[],"class_list":["post-3012","post","type-post","status-publish","format-standard","has-post-thumbnail","hentry","category-avvisi","category-fondi-ue-e-fondi-nazinali","category-in-evidenza"],"_links":{"self":[{"href":"https:\/\/ccic.hr\/it\/wp-json\/wp\/v2\/posts\/3012","targetHints":{"allow":["GET"]}}],"collection":[{"href":"https:\/\/ccic.hr\/it\/wp-json\/wp\/v2\/posts"}],"about":[{"href":"https:\/\/ccic.hr\/it\/wp-json\/wp\/v2\/types\/post"}],"author":[{"embeddable":true,"href":"https:\/\/ccic.hr\/it\/wp-json\/wp\/v2\/users\/5"}],"replies":[{"embeddable":true,"href":"https:\/\/ccic.hr\/it\/wp-json\/wp\/v2\/comments?post=3012"}],"version-history":[{"count":1,"href":"https:\/\/ccic.hr\/it\/wp-json\/wp\/v2\/posts\/3012\/revisions"}],"predecessor-version":[{"id":3014,"href":"https:\/\/ccic.hr\/it\/wp-json\/wp\/v2\/posts\/3012\/revisions\/3014"}],"wp:featuredmedia":[{"embeddable":true,"href":"https:\/\/ccic.hr\/it\/wp-json\/wp\/v2\/media\/3013"}],"wp:attachment":[{"href":"https:\/\/ccic.hr\/it\/wp-json\/wp\/v2\/media?parent=3012"}],"wp:term":[{"taxonomy":"category","embeddable":true,"href":"https:\/\/ccic.hr\/it\/wp-json\/wp\/v2\/categories?post=3012"},{"taxonomy":"post_tag","embeddable":true,"href":"https:\/\/ccic.hr\/it\/wp-json\/wp\/v2\/tags?post=3012"}],"curies":[{"name":"wp","href":"https:\/\/api.w.org\/{rel}","templated":true}]}}