{"id":3035,"date":"2022-02-21T11:20:21","date_gmt":"2022-02-21T10:20:21","guid":{"rendered":"https:\/\/ccic.hr\/it\/?p=3035"},"modified":"2022-02-21T11:20:34","modified_gmt":"2022-02-21T10:20:34","slug":"giornata-della-lingua-madre","status":"publish","type":"post","link":"https:\/\/ccic.hr\/it\/giornata-della-lingua-madre\/","title":{"rendered":"Giornata della lingua madre"},"content":{"rendered":"\n<figure class=\"wp-block-image size-full\"><img fetchpriority=\"high\" decoding=\"async\" width=\"940\" height=\"788\" src=\"https:\/\/ccic.hr\/it\/wp-content\/uploads\/sites\/2\/2022\/02\/274129499_1175337562870325_54697785605581379_n.jpg\" alt=\"\" class=\"wp-image-3036\" srcset=\"https:\/\/ccic.hr\/it\/wp-content\/uploads\/sites\/2\/2022\/02\/274129499_1175337562870325_54697785605581379_n.jpg 940w, https:\/\/ccic.hr\/it\/wp-content\/uploads\/sites\/2\/2022\/02\/274129499_1175337562870325_54697785605581379_n-300x251.jpg 300w, https:\/\/ccic.hr\/it\/wp-content\/uploads\/sites\/2\/2022\/02\/274129499_1175337562870325_54697785605581379_n-768x644.jpg 768w\" sizes=\"(max-width: 940px) 100vw, 940px\" \/><\/figure>\n\n\n\n<p>Ogni anno il 21 febbraio ci viene ricordata l&#8217;importanza della lingua che chiamiamo la nostra lingua madre. Un linguaggio con cui dovremmo essere in grado di esprimere la pi\u00f9 ampia gamma dei nostri pensieri, le sfumature pi\u00f9 morbide delle nostre emozioni. Usiamo la nostra lingua madre nel modo migliore e pi\u00f9 accurato, perch\u00e9 \u00e8 stata instillata in noi fin dai nostri inizi.Ecco perch\u00e9 l&#8217;UNESCO ha deciso nel 1999 di dichiarare il 21 febbraio come Giornata della lingua madre, per ricordarci l&#8217;obbligo di preservare la nostra lingua, cos\u00ec come la diversit\u00e0 linguistica su scala globale. L&#8217;estinzione che minaccia molte lingue in tutto il mondo \u00e8 una minaccia per il mondo nel suo complesso, a causa della ricchezza che \u00e8 cos\u00ec persa. L&#8217;italiano \u00e8 la quinta lingua al mondo ad essere insegnata nelle scuole. Viene parlato da circa 62 milioni di persone in tutto il mondo. Oltre all&#8217;Italia e a San Marino, l&#8217;italiano \u00e8 la lingua ufficiale nei cantoni svizzeri Ticino e Grigioni, e oltre al latino \u00e8 la seconda lingua ufficiale in Vaticano.Nel 2021 si \u00e8 tenuto il primo concorso in lingua italiana in tutte le scuole primarie e secondarie in cui si insegna in italiano nella Repubblica di Croazia.Oltre a questa giornata, ogni anno nel mese di ottobre celebriamo attraverso diverse manifestazioni la settimana della lingua italiana nel mondo, e vi vogliamo svelare un segreto, per la settimana della lingua italiana di questo anno stiamo preparando un evento che nascer\u00e0 dalla collaborazione tra la CCIC e la scrittrice Josipa Pavi\u010di\u0107.<\/p>\n","protected":false},"excerpt":{"rendered":"<p>Ogni anno il 21 febbraio ci viene ricordata l&#8217;importanza della lingua che chiamiamo la nostra lingua madre. Un linguaggio con cui dovremmo essere in grado di esprimere la pi\u00f9 ampia gamma dei nostri pensieri, le sfumature pi\u00f9 morbide delle nostre emozioni. Usiamo la nostra lingua madre nel modo migliore e pi\u00f9 accurato, perch\u00e9 \u00e8 stata [&hellip;]<\/p>\n","protected":false},"author":5,"featured_media":3036,"comment_status":"open","ping_status":"open","sticky":false,"template":"","format":"standard","meta":{"footnotes":""},"categories":[9,2],"tags":[],"class_list":["post-3035","post","type-post","status-publish","format-standard","has-post-thumbnail","hentry","category-in-evidenza","category-notizie"],"_links":{"self":[{"href":"https:\/\/ccic.hr\/it\/wp-json\/wp\/v2\/posts\/3035","targetHints":{"allow":["GET"]}}],"collection":[{"href":"https:\/\/ccic.hr\/it\/wp-json\/wp\/v2\/posts"}],"about":[{"href":"https:\/\/ccic.hr\/it\/wp-json\/wp\/v2\/types\/post"}],"author":[{"embeddable":true,"href":"https:\/\/ccic.hr\/it\/wp-json\/wp\/v2\/users\/5"}],"replies":[{"embeddable":true,"href":"https:\/\/ccic.hr\/it\/wp-json\/wp\/v2\/comments?post=3035"}],"version-history":[{"count":1,"href":"https:\/\/ccic.hr\/it\/wp-json\/wp\/v2\/posts\/3035\/revisions"}],"predecessor-version":[{"id":3037,"href":"https:\/\/ccic.hr\/it\/wp-json\/wp\/v2\/posts\/3035\/revisions\/3037"}],"wp:featuredmedia":[{"embeddable":true,"href":"https:\/\/ccic.hr\/it\/wp-json\/wp\/v2\/media\/3036"}],"wp:attachment":[{"href":"https:\/\/ccic.hr\/it\/wp-json\/wp\/v2\/media?parent=3035"}],"wp:term":[{"taxonomy":"category","embeddable":true,"href":"https:\/\/ccic.hr\/it\/wp-json\/wp\/v2\/categories?post=3035"},{"taxonomy":"post_tag","embeddable":true,"href":"https:\/\/ccic.hr\/it\/wp-json\/wp\/v2\/tags?post=3035"}],"curies":[{"name":"wp","href":"https:\/\/api.w.org\/{rel}","templated":true}]}}