{"id":3041,"date":"2022-03-07T18:28:23","date_gmt":"2022-03-07T17:28:23","guid":{"rendered":"https:\/\/ccic.hr\/it\/?p=3041"},"modified":"2022-03-07T18:30:20","modified_gmt":"2022-03-07T17:30:20","slug":"lincontro-si-e-concentrato-sulla-promozione-dello-sviluppo-e-della-cooperazione-tra-croazia-e-italia-in-campo-economico-commerciale-e-culturale","status":"publish","type":"post","link":"https:\/\/ccic.hr\/it\/lincontro-si-e-concentrato-sulla-promozione-dello-sviluppo-e-della-cooperazione-tra-croazia-e-italia-in-campo-economico-commerciale-e-culturale\/","title":{"rendered":"L&#8217;incontro operativo tra Camera di commercio italo croata, Consolato generale d&#8217;Italia a Fiume e Sindaco di Fiume &#8211; la cooperazione tra Croazia e Italia in campo economico, commerciale e culturale"},"content":{"rendered":"\n<p>L&#8217;incontro si \u00e8 concentrato sulla promozione dello sviluppo e della cooperazione tra Croazia e Italia in campo economico, commerciale e culturale. Il Sindaco di Fiume, <a href=\"https:\/\/www.facebook.com\/MarkoFilipovicRijeka2021?__cft__[0]=AZVnXgE5JQirLzTZJQfAhCEfimG2Svv8zuWamF50iAm4D75nPAhWU_wEl5ramoheVoqLIW_PPfjFiCGuiYz0SGSE1dRacfQTcpeD1JWYuukvso3034SNIWUB7X34JVWxSNDIKjUSWLEPZLSEtMBXB396OC-GW4linVqotX7mYfASYuxh9TSK5yIyZvdHtxP2ou8&amp;__tn__=-]K-R\">Marko Filipovi\u0107<\/a>, e il Capo del Dipartimento per l&#8217;Imprenditoria, Jana Serti\u0107, hanno tenuto un incontro di lavoro con il Console Generale d&#8217;Italia a Fiume, Davide Bradanini Consolato d&#8217;Italia &#8211; Fiume, e il Segretario Generale della Camera di Commercio Italo-Croata, <a href=\"https:\/\/www.facebook.com\/andrea.ilic.3388?__cft__[0]=AZVnXgE5JQirLzTZJQfAhCEfimG2Svv8zuWamF50iAm4D75nPAhWU_wEl5ramoheVoqLIW_PPfjFiCGuiYz0SGSE1dRacfQTcpeD1JWYuukvso3034SNIWUB7X34JVWxSNDIKjUSWLEPZLSEtMBXB396OC-GW4linVqotX7mYfASYuxh9TSK5yIyZvdHtxP2ou8&amp;__tn__=-]K-R\">Andrea Perkov<\/a>.La Camera di Commercio Italo-Croata sta lavorando per sviluppare e migliorare le relazioni tra gli imprenditori italiani e croati, nonch\u00e9 per incoraggiare i contatti e la cooperazione con gli enti locali e statali al fine di facilitare il superamento dei vari ostacoli nell&#8217;attivit\u00e0 imprenditoriale.Durante l&#8217;incontro \u00e8 stata presentata la zona industriale di Bodulovo, le possibilit\u00e0 per le aziende italiane per gli investimenti a Fiume, le possibilit\u00e0 di presentare questa parte della Croazia agli investitori italiani, ed entrambe le parti sono interessate a stabilire una cooperazione nello sviluppo di progetti per le startup e incubatori.Inoltre, al sindaco Filipovi\u0107 e al capo Serti\u0107 sono state presentate le attivit\u00e0 della Camera di commercio italo-croata, che fornisce informazioni, assistenza legale, istituzionale e fiscale alle imprese per facilitare la cooperazione tra le imprese croate e italiane interessate.<\/p>\n\n\n\n<p><a href=\"https:\/\/www.rijeka.hr\/radni-sastanak-s-predstavnicima-talijansko-hrvatske-gospodarske-komore\/\" target=\"_blank\" rel=\"noreferrer noopener\">Radni sastanak s predstavnicima Talijansko hrvatske gospodarske komore \u2013 Grad Rijeka<\/a><\/p>\n\n\n\n<figure class=\"wp-block-image size-full\"><img fetchpriority=\"high\" decoding=\"async\" width=\"600\" height=\"399\" src=\"https:\/\/ccic.hr\/it\/wp-content\/uploads\/sites\/2\/2022\/03\/blob.jpg\" alt=\"\" class=\"wp-image-3042\" srcset=\"https:\/\/ccic.hr\/it\/wp-content\/uploads\/sites\/2\/2022\/03\/blob.jpg 600w, https:\/\/ccic.hr\/it\/wp-content\/uploads\/sites\/2\/2022\/03\/blob-300x200.jpg 300w\" sizes=\"(max-width: 600px) 100vw, 600px\" \/><\/figure>\n","protected":false},"excerpt":{"rendered":"<p>L&#8217;incontro si \u00e8 concentrato sulla promozione dello sviluppo e della cooperazione tra Croazia e Italia in campo economico, commerciale e culturale. Il Sindaco di Fiume, Marko Filipovi\u0107, e il Capo del Dipartimento per l&#8217;Imprenditoria, Jana Serti\u0107, hanno tenuto un incontro di lavoro con il Console Generale d&#8217;Italia a Fiume, Davide Bradanini Consolato d&#8217;Italia &#8211; Fiume, [&hellip;]<\/p>\n","protected":false},"author":5,"featured_media":3043,"comment_status":"open","ping_status":"open","sticky":false,"template":"","format":"standard","meta":{"footnotes":""},"categories":[9,2],"tags":[],"class_list":["post-3041","post","type-post","status-publish","format-standard","has-post-thumbnail","hentry","category-in-evidenza","category-notizie"],"_links":{"self":[{"href":"https:\/\/ccic.hr\/it\/wp-json\/wp\/v2\/posts\/3041","targetHints":{"allow":["GET"]}}],"collection":[{"href":"https:\/\/ccic.hr\/it\/wp-json\/wp\/v2\/posts"}],"about":[{"href":"https:\/\/ccic.hr\/it\/wp-json\/wp\/v2\/types\/post"}],"author":[{"embeddable":true,"href":"https:\/\/ccic.hr\/it\/wp-json\/wp\/v2\/users\/5"}],"replies":[{"embeddable":true,"href":"https:\/\/ccic.hr\/it\/wp-json\/wp\/v2\/comments?post=3041"}],"version-history":[{"count":3,"href":"https:\/\/ccic.hr\/it\/wp-json\/wp\/v2\/posts\/3041\/revisions"}],"predecessor-version":[{"id":3046,"href":"https:\/\/ccic.hr\/it\/wp-json\/wp\/v2\/posts\/3041\/revisions\/3046"}],"wp:featuredmedia":[{"embeddable":true,"href":"https:\/\/ccic.hr\/it\/wp-json\/wp\/v2\/media\/3043"}],"wp:attachment":[{"href":"https:\/\/ccic.hr\/it\/wp-json\/wp\/v2\/media?parent=3041"}],"wp:term":[{"taxonomy":"category","embeddable":true,"href":"https:\/\/ccic.hr\/it\/wp-json\/wp\/v2\/categories?post=3041"},{"taxonomy":"post_tag","embeddable":true,"href":"https:\/\/ccic.hr\/it\/wp-json\/wp\/v2\/tags?post=3041"}],"curies":[{"name":"wp","href":"https:\/\/api.w.org\/{rel}","templated":true}]}}