{"id":3058,"date":"2022-05-05T07:44:13","date_gmt":"2022-05-05T05:44:13","guid":{"rendered":"https:\/\/ccic.hr\/it\/?p=3058"},"modified":"2022-05-05T07:45:21","modified_gmt":"2022-05-05T05:45:21","slug":"lincontro-del-presidente-camerale-e-il-presidenete-della-comissione-economica-del-parlamento-croato","status":"publish","type":"post","link":"https:\/\/ccic.hr\/it\/lincontro-del-presidente-camerale-e-il-presidenete-della-comissione-economica-del-parlamento-croato\/","title":{"rendered":"L&#8217;incontro del Presidente camerale e il Presidente della Comissione economica del Parlamento croato"},"content":{"rendered":"\n<figure class=\"wp-block-image size-large\"><img fetchpriority=\"high\" decoding=\"async\" width=\"1024\" height=\"766\" src=\"https:\/\/ccic.hr\/it\/wp-content\/uploads\/sites\/2\/2022\/05\/cc-u-saboru-1024x766.jpg\" alt=\"\" class=\"wp-image-3059\" srcset=\"https:\/\/ccic.hr\/it\/wp-content\/uploads\/sites\/2\/2022\/05\/cc-u-saboru-1024x766.jpg 1024w, https:\/\/ccic.hr\/it\/wp-content\/uploads\/sites\/2\/2022\/05\/cc-u-saboru-300x225.jpg 300w, https:\/\/ccic.hr\/it\/wp-content\/uploads\/sites\/2\/2022\/05\/cc-u-saboru-768x575.jpg 768w, https:\/\/ccic.hr\/it\/wp-content\/uploads\/sites\/2\/2022\/05\/cc-u-saboru-1536x1150.jpg 1536w, https:\/\/ccic.hr\/it\/wp-content\/uploads\/sites\/2\/2022\/05\/cc-u-saboru-1200x898.jpg 1200w, https:\/\/ccic.hr\/it\/wp-content\/uploads\/sites\/2\/2022\/05\/cc-u-saboru.jpg 1749w\" sizes=\"(max-width: 1024px) 100vw, 1024px\" \/><\/figure>\n\n\n\n<p><strong>Mercoled\u00ec, il 4 maggio 2022, il Presidente della Camera di commercio italo croata, Claudio Canaccini ha incontrato il Presidente della Commissione Economica del Parlamento croato, \u017darko Tu\u0161ek.<\/strong><\/p>\n\n\n\n<p>Il Presidente della Camera Canaccini ha presentato il lavoro della Camera di Commercio Italo-Croata, sottolineando che l&#8217;Italia e la Croazia hanno tradizionalmente buone relazioni in tutti i campi. Dall&#8217;adesione della Croazia all&#8217;UE, queste relazioni si sono gradualmente sviluppate ancora pi\u00f9 fortemente grazie agli sforzi diplomatici di entrambi i paesi, rafforzando la cooperazione economica, gli investimenti e le strategie di sviluppo congiunte.<\/p>\n\n\n\n<p>Uno degli obiettivi della nostra camera \u00e8 sicuramente quello di migliorare il dialogo tra i policymaker e gli imprenditori e investitori italiani. \u00c8 il nostro dovere tutelare gli interessi di coloro che rappresentiamo, il che a volte significa segnalare problemi, omissioni e carenze, ma anche fornire soluzioni e suggerimenti.<\/p>\n\n\n\n<p>Il presidente della Commissione economica \u017darko Tu\u0161ek ha aggiunto che la Camera di commercio italo-croata pu\u00f2 sempre contare sulla cooperazione del Parlamento e che le riunioni di questo tipo sono un modo per rafforzare la cooperazione.<\/p>\n","protected":false},"excerpt":{"rendered":"<p>Mercoled\u00ec, il 4 maggio 2022, il Presidente della Camera di commercio italo croata, Claudio Canaccini ha incontrato il Presidente della Commissione Economica del Parlamento croato, \u017darko Tu\u0161ek. Il Presidente della Camera Canaccini ha presentato il lavoro della Camera di Commercio Italo-Croata, sottolineando che l&#8217;Italia e la Croazia hanno tradizionalmente buone relazioni in tutti i campi. [&hellip;]<\/p>\n","protected":false},"author":5,"featured_media":0,"comment_status":"open","ping_status":"open","sticky":false,"template":"","format":"standard","meta":{"footnotes":""},"categories":[9,2],"tags":[],"class_list":["post-3058","post","type-post","status-publish","format-standard","hentry","category-in-evidenza","category-notizie"],"_links":{"self":[{"href":"https:\/\/ccic.hr\/it\/wp-json\/wp\/v2\/posts\/3058","targetHints":{"allow":["GET"]}}],"collection":[{"href":"https:\/\/ccic.hr\/it\/wp-json\/wp\/v2\/posts"}],"about":[{"href":"https:\/\/ccic.hr\/it\/wp-json\/wp\/v2\/types\/post"}],"author":[{"embeddable":true,"href":"https:\/\/ccic.hr\/it\/wp-json\/wp\/v2\/users\/5"}],"replies":[{"embeddable":true,"href":"https:\/\/ccic.hr\/it\/wp-json\/wp\/v2\/comments?post=3058"}],"version-history":[{"count":2,"href":"https:\/\/ccic.hr\/it\/wp-json\/wp\/v2\/posts\/3058\/revisions"}],"predecessor-version":[{"id":3061,"href":"https:\/\/ccic.hr\/it\/wp-json\/wp\/v2\/posts\/3058\/revisions\/3061"}],"wp:attachment":[{"href":"https:\/\/ccic.hr\/it\/wp-json\/wp\/v2\/media?parent=3058"}],"wp:term":[{"taxonomy":"category","embeddable":true,"href":"https:\/\/ccic.hr\/it\/wp-json\/wp\/v2\/categories?post=3058"},{"taxonomy":"post_tag","embeddable":true,"href":"https:\/\/ccic.hr\/it\/wp-json\/wp\/v2\/tags?post=3058"}],"curies":[{"name":"wp","href":"https:\/\/api.w.org\/{rel}","templated":true}]}}