{"id":3087,"date":"2022-06-10T13:52:22","date_gmt":"2022-06-10T11:52:22","guid":{"rendered":"https:\/\/ccic.hr\/it\/?p=3087"},"modified":"2023-05-30T07:46:11","modified_gmt":"2023-05-30T05:46:11","slug":"wamgroup-continua-lespansionealtri-10-millioni-di-e-investiti-a-breznicki-hum","status":"publish","type":"post","link":"https:\/\/ccic.hr\/it\/wamgroup-continua-lespansionealtri-10-millioni-di-e-investiti-a-breznicki-hum\/","title":{"rendered":"Wamgroup continua l&#8217;espansione,altri 10 millioni di \u20ac investiti a Brezni\u010dki Hum"},"content":{"rendered":"\n<p>Il 9 giugno 2022 \u00e8 stato inaugurato un nuovo stabilimento di produzione a Brezni\u010dki Hum. In qualit\u00e0 di leader mondiale nel mercato dei trasporti, WAMGROUP impiega oltre 2.000 persone in 60 sedi in 40 paesi. L&#8217;azienda \u00e8 stata fondata a Modena, in Italia, nel 1968 e opera con successo in Croazia dal 2001 e, nonostante la crisi pandemica, ha deciso di effettuare ulteriori investimenti ed espandere le proprie strutture.<\/p>\n\n\n\n<p>&#8220;Qui abbiamo trovato personale eccellente e professionale, che ci ha portato a continuare a investire in questi impianti. Grazie al Governo della Repubblica di Croazia, grazie all&#8217;Ambasciata e Consolato d&#8217;Italia, al Sig. \u0160afran, al Direttore Bojan Hrabar e naturalmente a tutti i lavoratori\u201d &#8211; ha affermato Vaine Marchesini, il proprietario della Wamgroup.<\/p>\n\n\n\n<p>Nel suo discorso, il Segretario di Stato e rappresentante del Primo Ministro della Repubblica di Croazia ha congratulato con gli ospiti riuniti per i successi ottenuti finora e li ha ringraziati per aver riconosciuto il potenziale di investimenti in Croazia.<\/p>\n\n\n\n<figure class=\"wp-block-gallery columns-1 is-cropped wp-block-gallery-1 is-layout-flex wp-block-gallery-is-layout-flex\"><ul class=\"blocks-gallery-grid\"><li class=\"blocks-gallery-item\"><figure><img fetchpriority=\"high\" decoding=\"async\" width=\"960\" height=\"640\" src=\"https:\/\/ccic.hr\/it\/wp-content\/uploads\/sites\/2\/2022\/06\/gosti.jpg\" alt=\"\" data-id=\"3089\" data-full-url=\"https:\/\/ccic.hr\/it\/wp-content\/uploads\/sites\/2\/2022\/06\/gosti.jpg\" data-link=\"https:\/\/ccic.hr\/it\/?attachment_id=3089\" class=\"wp-image-3089\" srcset=\"https:\/\/ccic.hr\/it\/wp-content\/uploads\/sites\/2\/2022\/06\/gosti.jpg 960w, https:\/\/ccic.hr\/it\/wp-content\/uploads\/sites\/2\/2022\/06\/gosti-300x200.jpg 300w, https:\/\/ccic.hr\/it\/wp-content\/uploads\/sites\/2\/2022\/06\/gosti-768x512.jpg 768w\" sizes=\"(max-width: 960px) 100vw, 960px\" \/><\/figure><\/li><\/ul><\/figure>\n\n\n\n<p>Questo evento solenne per Brezni\u010dki Hum, ma anche per l&#8217;intera Contea di Vara\u017edin e la Croazia, \u00e8 stato accompagnato dal taglio del nastro e dall&#8217;inaugurazione ufficiale dello stabilimento da parte di Vaine Marchesini e del Prefetto della Contea An\u0111elko Stri\u010dak.<\/p>\n\n\n\n<figure class=\"wp-block-gallery columns-2 is-cropped wp-block-gallery-2 is-layout-flex wp-block-gallery-is-layout-flex\"><ul class=\"blocks-gallery-grid\"><li class=\"blocks-gallery-item\"><figure><img decoding=\"async\" width=\"960\" height=\"640\" src=\"https:\/\/ccic.hr\/it\/wp-content\/uploads\/sites\/2\/2022\/06\/mikus-zigman.jpg\" alt=\"\" data-id=\"3090\" data-full-url=\"https:\/\/ccic.hr\/it\/wp-content\/uploads\/sites\/2\/2022\/06\/mikus-zigman.jpg\" data-link=\"https:\/\/ccic.hr\/it\/?attachment_id=3090\" class=\"wp-image-3090\" srcset=\"https:\/\/ccic.hr\/it\/wp-content\/uploads\/sites\/2\/2022\/06\/mikus-zigman.jpg 960w, https:\/\/ccic.hr\/it\/wp-content\/uploads\/sites\/2\/2022\/06\/mikus-zigman-300x200.jpg 300w, https:\/\/ccic.hr\/it\/wp-content\/uploads\/sites\/2\/2022\/06\/mikus-zigman-768x512.jpg 768w\" sizes=\"(max-width: 960px) 100vw, 960px\" \/><\/figure><\/li><li class=\"blocks-gallery-item\"><figure><img decoding=\"async\" width=\"960\" height=\"640\" src=\"https:\/\/ccic.hr\/it\/wp-content\/uploads\/sites\/2\/2022\/06\/zupan.jpg\" alt=\"\" data-id=\"3091\" data-full-url=\"https:\/\/ccic.hr\/it\/wp-content\/uploads\/sites\/2\/2022\/06\/zupan.jpg\" data-link=\"https:\/\/ccic.hr\/it\/?attachment_id=3091\" class=\"wp-image-3091\" srcset=\"https:\/\/ccic.hr\/it\/wp-content\/uploads\/sites\/2\/2022\/06\/zupan.jpg 960w, https:\/\/ccic.hr\/it\/wp-content\/uploads\/sites\/2\/2022\/06\/zupan-300x200.jpg 300w, https:\/\/ccic.hr\/it\/wp-content\/uploads\/sites\/2\/2022\/06\/zupan-768x512.jpg 768w\" sizes=\"(max-width: 960px) 100vw, 960px\" \/><\/figure><\/li><\/ul><\/figure>\n\n\n\n<p>Naturalmente, un evento cos\u00ec significativo non sarebbe potuto accadere senza i rappresentanti dell&#8217;Italia.<\/p>\n\n\n\n<figure class=\"wp-block-image size-full\"><img loading=\"lazy\" decoding=\"async\" width=\"960\" height=\"640\" src=\"https:\/\/ccic.hr\/it\/wp-content\/uploads\/sites\/2\/2022\/06\/sacco.jpg\" alt=\"\" class=\"wp-image-3092\" srcset=\"https:\/\/ccic.hr\/it\/wp-content\/uploads\/sites\/2\/2022\/06\/sacco.jpg 960w, https:\/\/ccic.hr\/it\/wp-content\/uploads\/sites\/2\/2022\/06\/sacco-300x200.jpg 300w, https:\/\/ccic.hr\/it\/wp-content\/uploads\/sites\/2\/2022\/06\/sacco-768x512.jpg 768w\" sizes=\"(max-width: 960px) 100vw, 960px\" \/><\/figure>\n\n\n\n<p>&#8220;Sono particolarmente contento di rappresentare l&#8217;Italia in questi momenti, perch\u00e9 abbiamo qualcosa da mostrare, grande cultura, gastronomia, turismo, ma anche un&#8217;economia forte, che si tratti di piccole, medie o grandi imprese. Sono particolarmente contento che ultimamente sia avvenuta una nuova scoperta, un nuovo collegamento tra la Croazia e l&#8217;Italia, come quando due vecchi amici si incontrano. Ci sono tante nuove iniziative, progetti, e questo \u00e8 uno di questi&#8221;, ha detto l&#8217;Ambasciatore d&#8217;Italia a Zagabria SE Pierfrancesco Sacco. All&#8217;evento ha partecipato anche il Capo della Missione Ilario Schettino, Direttore dell\u2019Istituto Commercio Estero Sandra Di Carlo. Insieme ai membri del Consiglio di Amministrazione della Camera di Commercio Italo-Croata, i Vicepresidenti Alessio Cioni e Roul Cve\u010di\u0107 Bole, Giorgio D&#8217;Ascenzo &#8211; Direttore di Wam Adria, Peter Ferluga, Direttore di De&#8217; Longhi Croazia, Iva Lesjak, Presidente del Collegio dei Revisori, Hrvoje Grenac Responsabile Affari Legali e Andrea Perkov, Segretario Generale della Camera di commercio italo croata.<\/p>\n\n\n\n<figure class=\"wp-block-gallery columns-2 is-cropped wp-block-gallery-3 is-layout-flex wp-block-gallery-is-layout-flex\"><ul class=\"blocks-gallery-grid\"><li class=\"blocks-gallery-item\"><figure><img loading=\"lazy\" decoding=\"async\" width=\"960\" height=\"640\" src=\"https:\/\/ccic.hr\/it\/wp-content\/uploads\/sites\/2\/2022\/06\/gosti-2.jpg\" alt=\"\" data-id=\"3093\" data-full-url=\"https:\/\/ccic.hr\/it\/wp-content\/uploads\/sites\/2\/2022\/06\/gosti-2.jpg\" data-link=\"https:\/\/ccic.hr\/it\/?attachment_id=3093\" class=\"wp-image-3093\" srcset=\"https:\/\/ccic.hr\/it\/wp-content\/uploads\/sites\/2\/2022\/06\/gosti-2.jpg 960w, https:\/\/ccic.hr\/it\/wp-content\/uploads\/sites\/2\/2022\/06\/gosti-2-300x200.jpg 300w, https:\/\/ccic.hr\/it\/wp-content\/uploads\/sites\/2\/2022\/06\/gosti-2-768x512.jpg 768w\" sizes=\"(max-width: 960px) 100vw, 960px\" \/><\/figure><\/li><li class=\"blocks-gallery-item\"><figure><img loading=\"lazy\" decoding=\"async\" width=\"605\" height=\"454\" src=\"https:\/\/ccic.hr\/it\/wp-content\/uploads\/sites\/2\/2022\/06\/Upravni.png\" alt=\"\" data-id=\"3094\" data-full-url=\"https:\/\/ccic.hr\/it\/wp-content\/uploads\/sites\/2\/2022\/06\/Upravni.png\" data-link=\"https:\/\/ccic.hr\/it\/?attachment_id=3094\" class=\"wp-image-3094\" srcset=\"https:\/\/ccic.hr\/it\/wp-content\/uploads\/sites\/2\/2022\/06\/Upravni.png 605w, https:\/\/ccic.hr\/it\/wp-content\/uploads\/sites\/2\/2022\/06\/Upravni-300x225.png 300w\" sizes=\"(max-width: 605px) 100vw, 605px\" \/><\/figure><\/li><\/ul><\/figure>\n","protected":false},"excerpt":{"rendered":"<p>Il 9 giugno 2022 \u00e8 stato inaugurato un nuovo stabilimento di produzione a Brezni\u010dki Hum. In qualit\u00e0 di leader mondiale nel mercato dei trasporti, WAMGROUP impiega oltre 2.000 persone in 60 sedi in 40 paesi. L&#8217;azienda \u00e8 stata fondata a Modena, in Italia, nel 1968 e opera con successo in Croazia dal 2001 e, nonostante [&hellip;]<\/p>\n","protected":false},"author":5,"featured_media":3088,"comment_status":"open","ping_status":"open","sticky":false,"template":"","format":"standard","meta":{"footnotes":""},"categories":[2],"tags":[],"class_list":["post-3087","post","type-post","status-publish","format-standard","has-post-thumbnail","hentry","category-notizie"],"_links":{"self":[{"href":"https:\/\/ccic.hr\/it\/wp-json\/wp\/v2\/posts\/3087","targetHints":{"allow":["GET"]}}],"collection":[{"href":"https:\/\/ccic.hr\/it\/wp-json\/wp\/v2\/posts"}],"about":[{"href":"https:\/\/ccic.hr\/it\/wp-json\/wp\/v2\/types\/post"}],"author":[{"embeddable":true,"href":"https:\/\/ccic.hr\/it\/wp-json\/wp\/v2\/users\/5"}],"replies":[{"embeddable":true,"href":"https:\/\/ccic.hr\/it\/wp-json\/wp\/v2\/comments?post=3087"}],"version-history":[{"count":1,"href":"https:\/\/ccic.hr\/it\/wp-json\/wp\/v2\/posts\/3087\/revisions"}],"predecessor-version":[{"id":3095,"href":"https:\/\/ccic.hr\/it\/wp-json\/wp\/v2\/posts\/3087\/revisions\/3095"}],"wp:featuredmedia":[{"embeddable":true,"href":"https:\/\/ccic.hr\/it\/wp-json\/wp\/v2\/media\/3088"}],"wp:attachment":[{"href":"https:\/\/ccic.hr\/it\/wp-json\/wp\/v2\/media?parent=3087"}],"wp:term":[{"taxonomy":"category","embeddable":true,"href":"https:\/\/ccic.hr\/it\/wp-json\/wp\/v2\/categories?post=3087"},{"taxonomy":"post_tag","embeddable":true,"href":"https:\/\/ccic.hr\/it\/wp-json\/wp\/v2\/tags?post=3087"}],"curies":[{"name":"wp","href":"https:\/\/api.w.org\/{rel}","templated":true}]}}