{"id":3329,"date":"2023-03-27T15:30:02","date_gmt":"2023-03-27T13:30:02","guid":{"rendered":"https:\/\/ccic.hr\/it\/?p=3329"},"modified":"2023-05-30T07:44:55","modified_gmt":"2023-05-30T05:44:55","slug":"il-nuovo-consiglio-di-amministrazione-della-camera","status":"publish","type":"post","link":"https:\/\/ccic.hr\/it\/il-nuovo-consiglio-di-amministrazione-della-camera\/","title":{"rendered":"Il nuovo Consiglio di Amministrazione della Camera"},"content":{"rendered":"\n<p>Siamo orgogliosi di annunciare che ieri, in Assemblea elettorale, abbiamo votato il nuovo Consiglio di amministrazione della Camera.<br>Per il prossimo triennio la Camera sar\u00e0 guidata dal Presidente Aldo di Biagio (L&#8217;Operosa Facility management), Alessandro Masotti (ZABA-Unicredit) e Dario Massimo Grassani (PBZ d.d.) nel ruolo di Vicepresidenti, e Raoul Cve\u010di\u0107 Bole (Energy Pellets), Alberto Damonti (Calzednia Holding SPA), Peter Ferluga (De&#8217;Longhi Croatia), Branko Mo\u010dibob (Generali assicurazioni d.d.), Giorgio D&#8217;Ascenzo (WAM Adria\/Wam Group), Edi Furlan (Eli Friulia), Giambattista Semeraro (Fata SPA) e Davor \u0160o\u0161i\u0107 (ABS Sisak) come membri del Consiglio di Amministrazione.<\/p>\n\n\n\n<figure class=\"wp-block-image size-large\"><img fetchpriority=\"high\" decoding=\"async\" width=\"1024\" height=\"768\" src=\"https:\/\/ccic.hr\/it\/wp-content\/uploads\/sites\/2\/2023\/03\/336988333_216772531029555_6922145807025787142_n-1024x768.jpg\" alt=\"\" class=\"wp-image-3330\" srcset=\"https:\/\/ccic.hr\/it\/wp-content\/uploads\/sites\/2\/2023\/03\/336988333_216772531029555_6922145807025787142_n-1024x768.jpg 1024w, https:\/\/ccic.hr\/it\/wp-content\/uploads\/sites\/2\/2023\/03\/336988333_216772531029555_6922145807025787142_n-300x225.jpg 300w, https:\/\/ccic.hr\/it\/wp-content\/uploads\/sites\/2\/2023\/03\/336988333_216772531029555_6922145807025787142_n-768x576.jpg 768w, https:\/\/ccic.hr\/it\/wp-content\/uploads\/sites\/2\/2023\/03\/336988333_216772531029555_6922145807025787142_n-1536x1152.jpg 1536w, https:\/\/ccic.hr\/it\/wp-content\/uploads\/sites\/2\/2023\/03\/336988333_216772531029555_6922145807025787142_n-1200x900.jpg 1200w, https:\/\/ccic.hr\/it\/wp-content\/uploads\/sites\/2\/2023\/03\/336988333_216772531029555_6922145807025787142_n.jpg 2048w\" sizes=\"(max-width: 1024px) 100vw, 1024px\" \/><\/figure>\n\n\n\n<p>Grazie a tutti gli iscritti, in particolare a coloro che ieri hanno reso possibile l&#8217;elezione del nuovo vertice della Camera.<br>Inoltre, un grande ringraziamento al nostro Presidente Onorario S.E. Pierfrancesco Sacco, che con la sua presenza ha magnificato questo evento, ma anche che sottolinea e mostra quanto sia forte e vincente la sinergia congiunta di tutte le istituzioni italiane in Croazia ogni giorno e in tutte le occasioni.<\/p>\n\n\n\n<p>Auguriamo tanti nuovi progetti e lavori di successo per il nuovo Consiglio di Amministrazione con il nostro motto&nbsp;<a href=\"https:\/\/www.facebook.com\/hashtag\/insiemeperilsuccesso?__eep__=6&amp;__cft__[0]=AZUhWM82_qf2si270fpicUYMHSd0wFI2D4qcXSjjvIC3rrfO2dZG7JBdOvzq98Bnw9XcgWHN5-YyRE3mVOEvXkBMxgOeZNjdVK_x3DFLV3OGDex8BEQ3SduUrnr3DJWJA8ir83CQzhT_FlT-JR6wreZ5x6oPlmtpCL1R3spsan9qYWXwVCJ7EOBiYwM_mKf809g&amp;__tn__=*NK*F\">#insiemeperilsuccesso<\/a><\/p>\n","protected":false},"excerpt":{"rendered":"<p>Siamo orgogliosi di annunciare che ieri, in Assemblea elettorale, abbiamo votato il nuovo Consiglio di amministrazione della Camera.Per il prossimo triennio la Camera sar\u00e0 guidata dal Presidente Aldo di Biagio (L&#8217;Operosa Facility management), Alessandro Masotti (ZABA-Unicredit) e Dario Massimo Grassani (PBZ d.d.) nel ruolo di Vicepresidenti, e Raoul Cve\u010di\u0107 Bole (Energy Pellets), Alberto Damonti (Calzednia [&hellip;]<\/p>\n","protected":false},"author":5,"featured_media":3330,"comment_status":"open","ping_status":"open","sticky":false,"template":"","format":"standard","meta":{"footnotes":""},"categories":[2],"tags":[],"class_list":["post-3329","post","type-post","status-publish","format-standard","has-post-thumbnail","hentry","category-notizie"],"_links":{"self":[{"href":"https:\/\/ccic.hr\/it\/wp-json\/wp\/v2\/posts\/3329","targetHints":{"allow":["GET"]}}],"collection":[{"href":"https:\/\/ccic.hr\/it\/wp-json\/wp\/v2\/posts"}],"about":[{"href":"https:\/\/ccic.hr\/it\/wp-json\/wp\/v2\/types\/post"}],"author":[{"embeddable":true,"href":"https:\/\/ccic.hr\/it\/wp-json\/wp\/v2\/users\/5"}],"replies":[{"embeddable":true,"href":"https:\/\/ccic.hr\/it\/wp-json\/wp\/v2\/comments?post=3329"}],"version-history":[{"count":1,"href":"https:\/\/ccic.hr\/it\/wp-json\/wp\/v2\/posts\/3329\/revisions"}],"predecessor-version":[{"id":3331,"href":"https:\/\/ccic.hr\/it\/wp-json\/wp\/v2\/posts\/3329\/revisions\/3331"}],"wp:featuredmedia":[{"embeddable":true,"href":"https:\/\/ccic.hr\/it\/wp-json\/wp\/v2\/media\/3330"}],"wp:attachment":[{"href":"https:\/\/ccic.hr\/it\/wp-json\/wp\/v2\/media?parent=3329"}],"wp:term":[{"taxonomy":"category","embeddable":true,"href":"https:\/\/ccic.hr\/it\/wp-json\/wp\/v2\/categories?post=3329"},{"taxonomy":"post_tag","embeddable":true,"href":"https:\/\/ccic.hr\/it\/wp-json\/wp\/v2\/tags?post=3329"}],"curies":[{"name":"wp","href":"https:\/\/api.w.org\/{rel}","templated":true}]}}