{"id":3526,"date":"2023-06-15T14:13:35","date_gmt":"2023-06-15T12:13:35","guid":{"rendered":"https:\/\/ccic.hr\/it\/?p=3526"},"modified":"2023-06-15T14:27:45","modified_gmt":"2023-06-15T12:27:45","slug":"il-mondo-nel-2023","status":"publish","type":"post","link":"https:\/\/ccic.hr\/it\/il-mondo-nel-2023\/","title":{"rendered":"&#8220;Il mondo nel 2023&#8221;"},"content":{"rendered":"\n<p>Il 14 giugno 2023, la versione croata dell&#8217;Economist &#8220;World Ahead&#8221; si \u00e8 tenuta presso l&#8217;Esplanade Hotel di Zagabria \u2013 <em>Business breakfast<\/em> organizzata dall&#8217;editore della rivista Diplomacy&amp;Commerce e The Economist World Ahead per la regione, dove siamo stati ospiti insieme ad altri illustri partecipanti. \u00c8 stata un&#8217;occasione di networking, ma anche uno spaccato delle prossime situazioni economiche e dei cambiamenti a livello globale con un illustre docente ospite Richard Grieveson che ricopre il ruolo di vicedirettore del Vienna Institute for International Economic Studies e il ruolo di ricercatore associato dell&#8217;Accademia diplomatica di Vienna. I principali argomenti discussi sono stati la geopolitica e la geoeconomia, le crisi economiche che ci stanno colpendo ultimamente, l&#8217;inflazione, l&#8217;impatto della guerra sull&#8217;economia, le sfide future, ma anche le opportunit\u00e0 con particolare attenzione ai paesi dell&#8217;Europa sudorientale.<\/p>\n\n\n\n<figure class=\"wp-block-image size-large\"><img fetchpriority=\"high\" decoding=\"async\" width=\"768\" height=\"1024\" src=\"https:\/\/ccic.hr\/it\/wp-content\/uploads\/sites\/2\/2023\/06\/3CB482A5-57B1-4CF8-95E8-6AB86F6A4910-min-768x1024.jpeg\" alt=\"\" class=\"wp-image-3528\" srcset=\"https:\/\/ccic.hr\/it\/wp-content\/uploads\/sites\/2\/2023\/06\/3CB482A5-57B1-4CF8-95E8-6AB86F6A4910-min-768x1024.jpeg 768w, https:\/\/ccic.hr\/it\/wp-content\/uploads\/sites\/2\/2023\/06\/3CB482A5-57B1-4CF8-95E8-6AB86F6A4910-min-225x300.jpeg 225w, https:\/\/ccic.hr\/it\/wp-content\/uploads\/sites\/2\/2023\/06\/3CB482A5-57B1-4CF8-95E8-6AB86F6A4910-min-1152x1536.jpeg 1152w, https:\/\/ccic.hr\/it\/wp-content\/uploads\/sites\/2\/2023\/06\/3CB482A5-57B1-4CF8-95E8-6AB86F6A4910-min-1536x2048.jpeg 1536w, https:\/\/ccic.hr\/it\/wp-content\/uploads\/sites\/2\/2023\/06\/3CB482A5-57B1-4CF8-95E8-6AB86F6A4910-min-1200x1600.jpeg 1200w, https:\/\/ccic.hr\/it\/wp-content\/uploads\/sites\/2\/2023\/06\/3CB482A5-57B1-4CF8-95E8-6AB86F6A4910-min-scaled.jpeg 1920w\" sizes=\"(max-width: 768px) 100vw, 768px\" \/><\/figure>\n\n\n\n<p>L&#8217;evento \u00e8 stato aperto dal direttore del progetto per la Repubblica di Croazia &#8211; Boban Spasojevi\u0107, affermando che il motivo dell&#8217;incontro \u00e8 scambiare esperienze e ascoltare analisi economiche a met\u00e0 anno, ma anche previsioni per il resto dell&#8217;anno con l&#8217;obiettivo di una pianificazione aziendale di maggior successo per gli uomini d&#8217;affari.<\/p>\n\n\n\n<figure class=\"wp-block-image size-large\"><img decoding=\"async\" width=\"768\" height=\"1024\" src=\"https:\/\/ccic.hr\/it\/wp-content\/uploads\/sites\/2\/2023\/06\/8FA85492-115E-483B-9ED8-43C25771A6E2-min-768x1024.jpeg\" alt=\"\" class=\"wp-image-3529\" srcset=\"https:\/\/ccic.hr\/it\/wp-content\/uploads\/sites\/2\/2023\/06\/8FA85492-115E-483B-9ED8-43C25771A6E2-min-768x1024.jpeg 768w, https:\/\/ccic.hr\/it\/wp-content\/uploads\/sites\/2\/2023\/06\/8FA85492-115E-483B-9ED8-43C25771A6E2-min-225x300.jpeg 225w, https:\/\/ccic.hr\/it\/wp-content\/uploads\/sites\/2\/2023\/06\/8FA85492-115E-483B-9ED8-43C25771A6E2-min-1152x1536.jpeg 1152w, https:\/\/ccic.hr\/it\/wp-content\/uploads\/sites\/2\/2023\/06\/8FA85492-115E-483B-9ED8-43C25771A6E2-min-1536x2048.jpeg 1536w, https:\/\/ccic.hr\/it\/wp-content\/uploads\/sites\/2\/2023\/06\/8FA85492-115E-483B-9ED8-43C25771A6E2-min-1200x1600.jpeg 1200w, https:\/\/ccic.hr\/it\/wp-content\/uploads\/sites\/2\/2023\/06\/8FA85492-115E-483B-9ED8-43C25771A6E2-min-scaled.jpeg 1920w\" sizes=\"(max-width: 768px) 100vw, 768px\" \/><\/figure>\n\n\n\n<p>Richard Grieveson ha introdotto la scena economica mondiale attraverso gli eventi passati e ha sottolineato ci\u00f2 che tutti sappiamo: come viviamo in un&#8217;epoca in cui esiste un reale pericolo di guerra nucleare, tenendo conto degli attuali eventi bellici. Ha affermato che l&#8217;Europa orientale sta attualmente vivendo una crescita pi\u00f9 elevata ed \u00e8 in grado di resistere meglio alla crisi rispetto all&#8217;Europa occidentale, e che la Repubblica di Croazia, insieme alla Romania, \u00e8 all&#8217;avanguardia nel ritiro di fondi dai fondi dell&#8217;UE.<\/p>\n\n\n\n<p>Oltre a Grieveson, i relatori della colazione di lavoro di quest&#8217;anno sono stati Kata Bari\u0161i\u0107 Pavlovi\u0107, direttore di Zepter per la Croazia, Ivan Vrdoljak, proprietario della societ\u00e0 Livit, e membro del nostro consiglio di amministrazione, Peter Ferluga, Country Manager Balcani davanti al Gruppo De&#8217;Longhi, ripercorrendo la storia, lo sviluppo e le attuali operazioni di De&#8217;Longhi.<\/p>\n\n\n\n<figure class=\"wp-block-image size-large\"><img decoding=\"async\" width=\"768\" height=\"1024\" src=\"https:\/\/ccic.hr\/it\/wp-content\/uploads\/sites\/2\/2023\/06\/C1186496-5CE2-45D3-9E30-10EA9269B4AD-min-768x1024.jpeg\" alt=\"\" class=\"wp-image-3530\" srcset=\"https:\/\/ccic.hr\/it\/wp-content\/uploads\/sites\/2\/2023\/06\/C1186496-5CE2-45D3-9E30-10EA9269B4AD-min-768x1024.jpeg 768w, https:\/\/ccic.hr\/it\/wp-content\/uploads\/sites\/2\/2023\/06\/C1186496-5CE2-45D3-9E30-10EA9269B4AD-min-225x300.jpeg 225w, https:\/\/ccic.hr\/it\/wp-content\/uploads\/sites\/2\/2023\/06\/C1186496-5CE2-45D3-9E30-10EA9269B4AD-min-1152x1536.jpeg 1152w, https:\/\/ccic.hr\/it\/wp-content\/uploads\/sites\/2\/2023\/06\/C1186496-5CE2-45D3-9E30-10EA9269B4AD-min-1536x2048.jpeg 1536w, https:\/\/ccic.hr\/it\/wp-content\/uploads\/sites\/2\/2023\/06\/C1186496-5CE2-45D3-9E30-10EA9269B4AD-min-1200x1600.jpeg 1200w, https:\/\/ccic.hr\/it\/wp-content\/uploads\/sites\/2\/2023\/06\/C1186496-5CE2-45D3-9E30-10EA9269B4AD-min-scaled.jpeg 1920w\" sizes=\"(max-width: 768px) 100vw, 768px\" \/><\/figure>\n","protected":false},"excerpt":{"rendered":"<p>Il 14 giugno 2023, la versione croata dell&#8217;Economist &#8220;World Ahead&#8221; si \u00e8 tenuta presso l&#8217;Esplanade Hotel di Zagabria \u2013 Business breakfast organizzata dall&#8217;editore della rivista Diplomacy&amp;Commerce e The Economist World Ahead per la regione, dove siamo stati ospiti insieme ad altri illustri partecipanti. \u00c8 stata un&#8217;occasione di networking, ma anche uno spaccato delle prossime situazioni [&hellip;]<\/p>\n","protected":false},"author":5,"featured_media":3527,"comment_status":"closed","ping_status":"open","sticky":false,"template":"","format":"standard","meta":{"footnotes":""},"categories":[3,9],"tags":[],"class_list":["post-3526","post","type-post","status-publish","format-standard","has-post-thumbnail","hentry","category-eventi","category-in-evidenza"],"_links":{"self":[{"href":"https:\/\/ccic.hr\/it\/wp-json\/wp\/v2\/posts\/3526","targetHints":{"allow":["GET"]}}],"collection":[{"href":"https:\/\/ccic.hr\/it\/wp-json\/wp\/v2\/posts"}],"about":[{"href":"https:\/\/ccic.hr\/it\/wp-json\/wp\/v2\/types\/post"}],"author":[{"embeddable":true,"href":"https:\/\/ccic.hr\/it\/wp-json\/wp\/v2\/users\/5"}],"replies":[{"embeddable":true,"href":"https:\/\/ccic.hr\/it\/wp-json\/wp\/v2\/comments?post=3526"}],"version-history":[{"count":3,"href":"https:\/\/ccic.hr\/it\/wp-json\/wp\/v2\/posts\/3526\/revisions"}],"predecessor-version":[{"id":3534,"href":"https:\/\/ccic.hr\/it\/wp-json\/wp\/v2\/posts\/3526\/revisions\/3534"}],"wp:featuredmedia":[{"embeddable":true,"href":"https:\/\/ccic.hr\/it\/wp-json\/wp\/v2\/media\/3527"}],"wp:attachment":[{"href":"https:\/\/ccic.hr\/it\/wp-json\/wp\/v2\/media?parent=3526"}],"wp:term":[{"taxonomy":"category","embeddable":true,"href":"https:\/\/ccic.hr\/it\/wp-json\/wp\/v2\/categories?post=3526"},{"taxonomy":"post_tag","embeddable":true,"href":"https:\/\/ccic.hr\/it\/wp-json\/wp\/v2\/tags?post=3526"}],"curies":[{"name":"wp","href":"https:\/\/api.w.org\/{rel}","templated":true}]}}