{"id":3596,"date":"2023-07-10T22:38:08","date_gmt":"2023-07-10T20:38:08","guid":{"rendered":"https:\/\/ccic.hr\/it\/?p=3596"},"modified":"2023-07-10T22:45:24","modified_gmt":"2023-07-10T20:45:24","slug":"incontro-dei-rappresentanti-della-camera-di-commercio-croata-hgk-e-camera-di-commercio-italo-croata-thgk","status":"publish","type":"post","link":"https:\/\/ccic.hr\/it\/incontro-dei-rappresentanti-della-camera-di-commercio-croata-hgk-e-camera-di-commercio-italo-croata-thgk\/","title":{"rendered":"Incontro dei rappresentanti della Camera di commercio croata (HGK) e Camera di commercio italo-croata (THGK)"},"content":{"rendered":"\n<p>Oggi, presso la sede della Camera di Commercio Croata (HGK), si \u00e8 tenuto un produttivo e amichevole incontro tra i principali rappresentanti di due importanti istituzioni &#8211; HGK e la Camera di Commercio Italo-Croata (THGK).<\/p>\n\n\n\n<p>I presidenti, i direttori di settore ed i segretari generali di queste due camere si sono riuniti con lo scopo di rafforzare la cooperazione bilaterale a livello istituzionale e imprenditoriale.<\/p>\n\n\n\n<figure class=\"wp-block-image size-large\"><img fetchpriority=\"high\" decoding=\"async\" width=\"1024\" height=\"484\" src=\"https:\/\/ccic.hr\/it\/wp-content\/uploads\/sites\/2\/2023\/07\/i-ova-1024x484.jpeg\" alt=\"\" class=\"wp-image-3598\" srcset=\"https:\/\/ccic.hr\/it\/wp-content\/uploads\/sites\/2\/2023\/07\/i-ova-1024x484.jpeg 1024w, https:\/\/ccic.hr\/it\/wp-content\/uploads\/sites\/2\/2023\/07\/i-ova-300x142.jpeg 300w, https:\/\/ccic.hr\/it\/wp-content\/uploads\/sites\/2\/2023\/07\/i-ova-768x363.jpeg 768w, https:\/\/ccic.hr\/it\/wp-content\/uploads\/sites\/2\/2023\/07\/i-ova-1536x727.jpeg 1536w, https:\/\/ccic.hr\/it\/wp-content\/uploads\/sites\/2\/2023\/07\/i-ova-1200x568.jpeg 1200w, https:\/\/ccic.hr\/it\/wp-content\/uploads\/sites\/2\/2023\/07\/i-ova.jpeg 1600w\" sizes=\"(max-width: 1024px) 100vw, 1024px\" \/><\/figure>\n\n\n\n<p>Considerando il grande successo del Business Forum dell&#8217;anno scorso che si \u00e8 svolto a Roma, questa iniziativa mira a creare nuove opportunit\u00e0 per migliorare l&#8217;economia su entrambe le sponde dell&#8217;Adriatico e, attraverso sforzi sinergici e azioni congiunte, l&#8217;obiettivo \u00e8 quello di incoraggiare nuove iniziative future che avvantaggiare tutti i partecipanti e rafforzare ulteriormente la gi\u00e0 buona cooperazione tra Croazia e Italia, pertanto l&#8217;iniziativa mira a promuovere la stabilit\u00e0 e lo sviluppo della regione a lungo termine.<\/p>\n\n\n\n<figure class=\"wp-block-image aligncenter size-large is-resized\"><img decoding=\"async\" src=\"https:\/\/ccic.hr\/it\/wp-content\/uploads\/sites\/2\/2023\/07\/ova-1-484x1024.jpeg\" alt=\"\" class=\"wp-image-3599\" width=\"393\" height=\"832\" srcset=\"https:\/\/ccic.hr\/it\/wp-content\/uploads\/sites\/2\/2023\/07\/ova-1-484x1024.jpeg 484w, https:\/\/ccic.hr\/it\/wp-content\/uploads\/sites\/2\/2023\/07\/ova-1-142x300.jpeg 142w, https:\/\/ccic.hr\/it\/wp-content\/uploads\/sites\/2\/2023\/07\/ova-1.jpeg 757w\" sizes=\"(max-width: 393px) 100vw, 393px\" \/><\/figure>\n\n\n\n<p>Attraverso la cooperazione e il dialogo, lo scambio di esperienze e idee e il sostegno reciproco, HGK e THGK si sforzano di raggiungere obiettivi comuni e contribuire allo sviluppo e al progresso di entrambi i paesi e gettare le basi per creare un futuro sostenibile e prospero.<\/p>\n","protected":false},"excerpt":{"rendered":"<p>Oggi, presso la sede della Camera di Commercio Croata (HGK), si \u00e8 tenuto un produttivo e amichevole incontro tra i principali rappresentanti di due importanti istituzioni &#8211; HGK e la Camera di Commercio Italo-Croata (THGK). I presidenti, i direttori di settore ed i segretari generali di queste due camere si sono riuniti con lo scopo [&hellip;]<\/p>\n","protected":false},"author":5,"featured_media":3598,"comment_status":"closed","ping_status":"open","sticky":false,"template":"","format":"standard","meta":{"footnotes":""},"categories":[9,2],"tags":[],"class_list":["post-3596","post","type-post","status-publish","format-standard","has-post-thumbnail","hentry","category-in-evidenza","category-notizie"],"_links":{"self":[{"href":"https:\/\/ccic.hr\/it\/wp-json\/wp\/v2\/posts\/3596","targetHints":{"allow":["GET"]}}],"collection":[{"href":"https:\/\/ccic.hr\/it\/wp-json\/wp\/v2\/posts"}],"about":[{"href":"https:\/\/ccic.hr\/it\/wp-json\/wp\/v2\/types\/post"}],"author":[{"embeddable":true,"href":"https:\/\/ccic.hr\/it\/wp-json\/wp\/v2\/users\/5"}],"replies":[{"embeddable":true,"href":"https:\/\/ccic.hr\/it\/wp-json\/wp\/v2\/comments?post=3596"}],"version-history":[{"count":1,"href":"https:\/\/ccic.hr\/it\/wp-json\/wp\/v2\/posts\/3596\/revisions"}],"predecessor-version":[{"id":3600,"href":"https:\/\/ccic.hr\/it\/wp-json\/wp\/v2\/posts\/3596\/revisions\/3600"}],"wp:featuredmedia":[{"embeddable":true,"href":"https:\/\/ccic.hr\/it\/wp-json\/wp\/v2\/media\/3598"}],"wp:attachment":[{"href":"https:\/\/ccic.hr\/it\/wp-json\/wp\/v2\/media?parent=3596"}],"wp:term":[{"taxonomy":"category","embeddable":true,"href":"https:\/\/ccic.hr\/it\/wp-json\/wp\/v2\/categories?post=3596"},{"taxonomy":"post_tag","embeddable":true,"href":"https:\/\/ccic.hr\/it\/wp-json\/wp\/v2\/tags?post=3596"}],"curies":[{"name":"wp","href":"https:\/\/api.w.org\/{rel}","templated":true}]}}