{"id":3630,"date":"2023-10-05T15:22:41","date_gmt":"2023-10-05T13:22:41","guid":{"rendered":"https:\/\/ccic.hr\/it\/?p=3630"},"modified":"2023-10-05T15:26:59","modified_gmt":"2023-10-05T13:26:59","slug":"funzionari-della-ccic-in-visita-a-roma","status":"publish","type":"post","link":"https:\/\/ccic.hr\/it\/funzionari-della-ccic-in-visita-a-roma\/","title":{"rendered":"Funzionari della CCIC in Visita a Roma"},"content":{"rendered":"\n<p>Il presidente della CCIC di Zagabria Aldo di Biagio, la direttrice generale Andrea Perkov e il vice-direttore Denis Jurcic hanno recentemente fatto visita a Roma in un viaggio di due giorni che ha segnato un importante passo avanti nella cooperazione tra Italia e Croazia. Durante la loro breve ma intensa permanenza nella capitale italiana, i membri della CCIC hanno partecipato a una serie di incontri e visite istituzionali, cementando ulteriormente i legami tra le due nazioni e gettando le basi per progetti futuri.<\/p>\n\n\n\n<p>Il primo giorno \u00e8 stato dedicato a incontri di alto livello e al rafforzamento delle collaborazioni esistenti. In mattinata \u00e8 avvenuto l&#8217;incontro con Domenico Mauriello, Segretario Generale di Assocamerestero, in cui \u00e8 stata svolta una riunione operativa per migliorare le collaborazioni tra Italia e Croazia e per pianificare progetti congiunti per il 2024.<\/p>\n\n\n\n<figure class=\"wp-block-image size-full\"><img fetchpriority=\"high\" decoding=\"async\" width=\"290\" height=\"420\" src=\"https:\/\/ccic.hr\/it\/wp-content\/uploads\/sites\/2\/2023\/10\/image.png\" alt=\"\" class=\"wp-image-3631\" srcset=\"https:\/\/ccic.hr\/it\/wp-content\/uploads\/sites\/2\/2023\/10\/image.png 290w, https:\/\/ccic.hr\/it\/wp-content\/uploads\/sites\/2\/2023\/10\/image-207x300.png 207w\" sizes=\"(max-width: 290px) 100vw, 290px\" \/><\/figure>\n\n\n\n<p><\/p>\n\n\n\n<p>Successivamente, i membri della CCIC hanno visitato il Parlamento italiano, un simbolo della democrazia italiana.<\/p>\n\n\n\n<figure class=\"wp-block-image size-full\"><img decoding=\"async\" width=\"365\" height=\"469\" src=\"https:\/\/ccic.hr\/it\/wp-content\/uploads\/sites\/2\/2023\/10\/image-1.png\" alt=\"\" class=\"wp-image-3632\" srcset=\"https:\/\/ccic.hr\/it\/wp-content\/uploads\/sites\/2\/2023\/10\/image-1.png 365w, https:\/\/ccic.hr\/it\/wp-content\/uploads\/sites\/2\/2023\/10\/image-1-233x300.png 233w\" sizes=\"(max-width: 365px) 100vw, 365px\" \/><\/figure>\n\n\n\n<p><\/p>\n\n\n\n<p>Nel pomeriggio, i funzionari hanno incontrato Mario Luciano Crea, Consigliere della regione Lazio per la Cultura, lo Spettacolo, lo Sport e il Restauro. Durante questo incontro, sono stati esplorati nuovi progetti bilaterali tra il Lazio e la Croazia.<\/p>\n\n\n\n<figure class=\"wp-block-image size-full\"><img decoding=\"async\" width=\"541\" height=\"485\" src=\"https:\/\/ccic.hr\/it\/wp-content\/uploads\/sites\/2\/2023\/10\/image-2.png\" alt=\"\" class=\"wp-image-3633\" srcset=\"https:\/\/ccic.hr\/it\/wp-content\/uploads\/sites\/2\/2023\/10\/image-2.png 541w, https:\/\/ccic.hr\/it\/wp-content\/uploads\/sites\/2\/2023\/10\/image-2-300x269.png 300w\" sizes=\"(max-width: 541px) 100vw, 541px\" \/><\/figure>\n\n\n\n<p><\/p>\n\n\n\n<p>Il secondo giorno \u00e8 iniziato con una visita al Senato italiano, dove i membri della CCIC hanno incontrato la Senatrice Erika Stefani e il Senatore Antonio De Poli. Questi incontri hanno offerto l&#8217;opportunit\u00e0 di discutere questioni di interesse comune e di promuovere una maggiore cooperazione politica tra Italia e Croazia.<\/p>\n\n\n\n<figure class=\"wp-block-image size-full\"><img loading=\"lazy\" decoding=\"async\" width=\"377\" height=\"691\" src=\"https:\/\/ccic.hr\/it\/wp-content\/uploads\/sites\/2\/2023\/10\/image-3.png\" alt=\"\" class=\"wp-image-3634\" srcset=\"https:\/\/ccic.hr\/it\/wp-content\/uploads\/sites\/2\/2023\/10\/image-3.png 377w, https:\/\/ccic.hr\/it\/wp-content\/uploads\/sites\/2\/2023\/10\/image-3-164x300.png 164w\" sizes=\"(max-width: 377px) 100vw, 377px\" \/><\/figure>\n\n\n\n<p><\/p>\n\n\n\n<p>Successivamente, hanno fatto visita a Mondo Alimenti Srl, un importante socio della Camera, dove hanno avuto l\u2019opportunit\u00e0 di incontrare Silvano Fazlic, rappresentante dell\u2019azienda.<\/p>\n\n\n\n<figure class=\"wp-block-image size-full\"><img loading=\"lazy\" decoding=\"async\" width=\"409\" height=\"630\" src=\"https:\/\/ccic.hr\/it\/wp-content\/uploads\/sites\/2\/2023\/10\/image-4.png\" alt=\"\" class=\"wp-image-3635\" srcset=\"https:\/\/ccic.hr\/it\/wp-content\/uploads\/sites\/2\/2023\/10\/image-4.png 409w, https:\/\/ccic.hr\/it\/wp-content\/uploads\/sites\/2\/2023\/10\/image-4-195x300.png 195w\" sizes=\"(max-width: 409px) 100vw, 409px\" \/><\/figure>\n\n\n\n<p><\/p>\n\n\n\n<p>Infine, la delegazione ha avuto l&#8217;onore di incontrare Fortunato Peron, Console Onorario di Croazia in Emilia-Romagna. Questo incontro ha rafforzato i legami culturali e diplomatici tra le regioni italiane e la Croazia, aprendo la strada a nuove opportunit\u00e0 di cooperazione.<\/p>\n\n\n\n<p>Questo viaggio rappresenta un importante passo avanti nella cooperazione tra Italia e Croazia, con la CCIC che si sta impegnando sempre di pi\u00f9 a promuovere relazioni bilaterali pi\u00f9 forti e molteplici attivit\u00e0. I funzionari hanno dimostrato un impegno tangibile nel rafforzare i legami tra le due nazioni e nell&#8217;esplorare nuove opportunit\u00e0 di collaborazione in vari settori, dal commercio all&#8217;ambito culturale e politico. L&#8217;Italia e la Croazia possono guardare con fiducia verso un futuro di maggiore prosperit\u00e0 e cooperazione grazie a queste iniziative congiunte.<\/p>\n","protected":false},"excerpt":{"rendered":"<p>Il presidente della CCIC di Zagabria Aldo di Biagio, la direttrice generale Andrea Perkov e il vice-direttore Denis Jurcic hanno recentemente fatto visita a Roma in un viaggio di due giorni che ha segnato un importante passo avanti nella cooperazione tra Italia e Croazia. Durante la loro breve ma intensa permanenza nella capitale italiana, i [&hellip;]<\/p>\n","protected":false},"author":5,"featured_media":3636,"comment_status":"closed","ping_status":"open","sticky":false,"template":"","format":"standard","meta":{"footnotes":""},"categories":[12,9,2],"tags":[],"class_list":["post-3630","post","type-post","status-publish","format-standard","has-post-thumbnail","hentry","category-avvisi-2","category-in-evidenza","category-notizie"],"_links":{"self":[{"href":"https:\/\/ccic.hr\/it\/wp-json\/wp\/v2\/posts\/3630","targetHints":{"allow":["GET"]}}],"collection":[{"href":"https:\/\/ccic.hr\/it\/wp-json\/wp\/v2\/posts"}],"about":[{"href":"https:\/\/ccic.hr\/it\/wp-json\/wp\/v2\/types\/post"}],"author":[{"embeddable":true,"href":"https:\/\/ccic.hr\/it\/wp-json\/wp\/v2\/users\/5"}],"replies":[{"embeddable":true,"href":"https:\/\/ccic.hr\/it\/wp-json\/wp\/v2\/comments?post=3630"}],"version-history":[{"count":1,"href":"https:\/\/ccic.hr\/it\/wp-json\/wp\/v2\/posts\/3630\/revisions"}],"predecessor-version":[{"id":3637,"href":"https:\/\/ccic.hr\/it\/wp-json\/wp\/v2\/posts\/3630\/revisions\/3637"}],"wp:featuredmedia":[{"embeddable":true,"href":"https:\/\/ccic.hr\/it\/wp-json\/wp\/v2\/media\/3636"}],"wp:attachment":[{"href":"https:\/\/ccic.hr\/it\/wp-json\/wp\/v2\/media?parent=3630"}],"wp:term":[{"taxonomy":"category","embeddable":true,"href":"https:\/\/ccic.hr\/it\/wp-json\/wp\/v2\/categories?post=3630"},{"taxonomy":"post_tag","embeddable":true,"href":"https:\/\/ccic.hr\/it\/wp-json\/wp\/v2\/tags?post=3630"}],"curies":[{"name":"wp","href":"https:\/\/api.w.org\/{rel}","templated":true}]}}