{"id":4105,"date":"2024-09-11T10:24:19","date_gmt":"2024-09-11T08:24:19","guid":{"rendered":"https:\/\/ccic.hr\/it\/?p=4105"},"modified":"2024-10-23T14:08:53","modified_gmt":"2024-10-23T12:08:53","slug":"business-breakfast-attualita-in-materia-di-normativa-fiscale-e-contabile","status":"publish","type":"post","link":"https:\/\/ccic.hr\/it\/business-breakfast-attualita-in-materia-di-normativa-fiscale-e-contabile\/","title":{"rendered":"Business Breakfast &#8211; Attualit\u00e0 in materia di normativa fiscale e contabile"},"content":{"rendered":"\n<p><strong>Alle ore 9:00 del 10 Settembre, organizzato dalla Camera di commercio italo croata, ha avuto inizio il tradizionale Business Breakfast<\/strong>, durante il quale i partecipanti riuniti hanno avuto l&#8217;opportunit\u00e0 di conoscere le <strong>ultime novit\u00e0 in materia fiscale e contabile<\/strong>. All&#8217;evento hanno partecipato numerosi esperti del settore economico e finanziario, tra cui spiccano i membri del gruppo TPA, che attraverso una conferenza hanno fornito uno sguardo sui principali cambiamenti legali.<\/p>\n\n\n\n<p><strong>I partecipanti sono stati accolti calorosamente da Andrea Perkov<\/strong>, la direttrice della Camera di commercio italo-croata, che ha sottolineato l&#8217;importanza di tali eventi per i membri della comunit\u00e0 imprenditoriale e l&#8217;opportunit\u00e0 che i Business Breakfast offrono per lo scambio di conoscenze ed esperienze.<\/p>\n\n\n\n<figure class=\"wp-block-image size-large is-resized\"><img fetchpriority=\"high\" decoding=\"async\" src=\"https:\/\/ccic.hr\/it\/wp-content\/uploads\/sites\/2\/2024\/09\/WhatsApp-Image-2024-09-11-at-09.45.27-1024x789.jpeg\" alt=\"\" class=\"wp-image-4109\" width=\"525\" height=\"405\" srcset=\"https:\/\/ccic.hr\/it\/wp-content\/uploads\/sites\/2\/2024\/09\/WhatsApp-Image-2024-09-11-at-09.45.27-1024x789.jpeg 1024w, https:\/\/ccic.hr\/it\/wp-content\/uploads\/sites\/2\/2024\/09\/WhatsApp-Image-2024-09-11-at-09.45.27-300x231.jpeg 300w, https:\/\/ccic.hr\/it\/wp-content\/uploads\/sites\/2\/2024\/09\/WhatsApp-Image-2024-09-11-at-09.45.27-768x592.jpeg 768w, https:\/\/ccic.hr\/it\/wp-content\/uploads\/sites\/2\/2024\/09\/WhatsApp-Image-2024-09-11-at-09.45.27-1536x1183.jpeg 1536w, https:\/\/ccic.hr\/it\/wp-content\/uploads\/sites\/2\/2024\/09\/WhatsApp-Image-2024-09-11-at-09.45.27-1200x924.jpeg 1200w, https:\/\/ccic.hr\/it\/wp-content\/uploads\/sites\/2\/2024\/09\/WhatsApp-Image-2024-09-11-at-09.45.27.jpeg 1920w\" sizes=\"(max-width: 525px) 100vw, 525px\" \/><\/figure>\n\n\n\n<p><\/p>\n\n\n\n<p><strong>I relatori del seminario sono stati la Sig.ra Danijela Dobri\u0107 Stanovi\u0107 e il Sig. Bojan Huzani\u0107, eminenti consulenti fiscali del Gruppo TPA<\/strong>, la societ\u00e0 di consulenza fiscale, contabilit\u00e0, revisione contabile e consulenza. Hanno illustrato dettagliatamente le modifiche alla normativa fiscale e hanno delineato una panoramica delle novit\u00e0 in materia di legislazione contabile, ponendo particolare attenzione ai consigli pratici per l&#8217;adeguamento alle nuove normative.<\/p>\n\n\n\n<figure class=\"wp-block-image size-full\"><img decoding=\"async\" width=\"933\" height=\"375\" src=\"https:\/\/ccic.hr\/it\/wp-content\/uploads\/sites\/2\/2024\/09\/AMERGED.png\" alt=\"\" class=\"wp-image-4118\" srcset=\"https:\/\/ccic.hr\/it\/wp-content\/uploads\/sites\/2\/2024\/09\/AMERGED.png 933w, https:\/\/ccic.hr\/it\/wp-content\/uploads\/sites\/2\/2024\/09\/AMERGED-300x121.png 300w, https:\/\/ccic.hr\/it\/wp-content\/uploads\/sites\/2\/2024\/09\/AMERGED-768x309.png 768w\" sizes=\"(max-width: 933px) 100vw, 933px\" \/><\/figure>\n\n\n\n<p><\/p>\n\n\n\n<p>Il discorso di apertura e il <strong>saluto a nome del Ministero croato del Lavoro, del Sistema pensionistico, della Famiglia e delle Politiche sociali<\/strong> \u00e8 stato tenuto dalla <strong>Segretaria di Stato<\/strong> <strong>Margareta Ma\u0111eri\u0107<\/strong>, che ha evidenziato l&#8217;importanza del monitoraggio continuo dei cambiamenti legislativi per lo sviluppo del settore imprenditoriale, nonch\u00e9 per preservare la stabilit\u00e0 del mercato del lavoro.<\/p>\n\n\n\n<p><\/p>\n\n\n\n<figure class=\"wp-block-image size-large is-resized\"><img decoding=\"async\" src=\"https:\/\/ccic.hr\/it\/wp-content\/uploads\/sites\/2\/2024\/09\/WhatsApp-Image-2024-09-11-at-09.39.49-1-794x1024.jpeg\" alt=\"\" class=\"wp-image-4108\" width=\"388\" height=\"502\" \/><\/figure>\n\n\n\n<p><\/p>\n\n\n\n<p>Questo Business Breakfast ha confermato ancora una volta l&#8217;importanza dell<strong>&#8216;<\/strong>azione congiunta e dello scambio d\u2019informazioni tra il settore privato e quello pubblico. Inoltre, i partecipanti hanno colto l&#8217;occasione per creare una discussione costruttiva e per porre domande ai relatori.<\/p>\n\n\n\n<p>La Camera di commercio italo croata ha intenzione di continuare ad organizzare tali eventi per fornire ai propri membri informazioni utili e di supporto negli affari.<\/p>\n\n\n\n<p><\/p>\n\n\n\n<figure class=\"wp-block-image size-large is-resized\"><img loading=\"lazy\" decoding=\"async\" src=\"https:\/\/ccic.hr\/it\/wp-content\/uploads\/sites\/2\/2024\/09\/WhatsApp-Image-2024-09-11-at-09.45.55-1024x771.jpeg\" alt=\"\" class=\"wp-image-4110\" width=\"470\" height=\"353\" srcset=\"https:\/\/ccic.hr\/it\/wp-content\/uploads\/sites\/2\/2024\/09\/WhatsApp-Image-2024-09-11-at-09.45.55-1024x771.jpeg 1024w, https:\/\/ccic.hr\/it\/wp-content\/uploads\/sites\/2\/2024\/09\/WhatsApp-Image-2024-09-11-at-09.45.55-300x226.jpeg 300w, https:\/\/ccic.hr\/it\/wp-content\/uploads\/sites\/2\/2024\/09\/WhatsApp-Image-2024-09-11-at-09.45.55-768x578.jpeg 768w, https:\/\/ccic.hr\/it\/wp-content\/uploads\/sites\/2\/2024\/09\/WhatsApp-Image-2024-09-11-at-09.45.55-1536x1157.jpeg 1536w, https:\/\/ccic.hr\/it\/wp-content\/uploads\/sites\/2\/2024\/09\/WhatsApp-Image-2024-09-11-at-09.45.55-1200x904.jpeg 1200w, https:\/\/ccic.hr\/it\/wp-content\/uploads\/sites\/2\/2024\/09\/WhatsApp-Image-2024-09-11-at-09.45.55.jpeg 2040w\" sizes=\"(max-width: 470px) 100vw, 470px\" \/><\/figure>\n","protected":false},"excerpt":{"rendered":"<p>Alle ore 9:00 del 10 Settembre, organizzato dalla Camera di commercio italo croata, ha avuto inizio il tradizionale Business Breakfast, durante il quale i partecipanti riuniti hanno avuto l&#8217;opportunit\u00e0 di conoscere le ultime novit\u00e0 in materia fiscale e contabile. All&#8217;evento hanno partecipato numerosi esperti del settore economico e finanziario, tra cui spiccano i membri del [&hellip;]<\/p>\n","protected":false},"author":5,"featured_media":0,"comment_status":"closed","ping_status":"open","sticky":false,"template":"","format":"standard","meta":{"footnotes":""},"categories":[3],"tags":[],"class_list":["post-4105","post","type-post","status-publish","format-standard","hentry","category-eventi"],"_links":{"self":[{"href":"https:\/\/ccic.hr\/it\/wp-json\/wp\/v2\/posts\/4105","targetHints":{"allow":["GET"]}}],"collection":[{"href":"https:\/\/ccic.hr\/it\/wp-json\/wp\/v2\/posts"}],"about":[{"href":"https:\/\/ccic.hr\/it\/wp-json\/wp\/v2\/types\/post"}],"author":[{"embeddable":true,"href":"https:\/\/ccic.hr\/it\/wp-json\/wp\/v2\/users\/5"}],"replies":[{"embeddable":true,"href":"https:\/\/ccic.hr\/it\/wp-json\/wp\/v2\/comments?post=4105"}],"version-history":[{"count":11,"href":"https:\/\/ccic.hr\/it\/wp-json\/wp\/v2\/posts\/4105\/revisions"}],"predecessor-version":[{"id":4128,"href":"https:\/\/ccic.hr\/it\/wp-json\/wp\/v2\/posts\/4105\/revisions\/4128"}],"wp:attachment":[{"href":"https:\/\/ccic.hr\/it\/wp-json\/wp\/v2\/media?parent=4105"}],"wp:term":[{"taxonomy":"category","embeddable":true,"href":"https:\/\/ccic.hr\/it\/wp-json\/wp\/v2\/categories?post=4105"},{"taxonomy":"post_tag","embeddable":true,"href":"https:\/\/ccic.hr\/it\/wp-json\/wp\/v2\/tags?post=4105"}],"curies":[{"name":"wp","href":"https:\/\/api.w.org\/{rel}","templated":true}]}}