{"id":4202,"date":"2024-10-11T11:43:19","date_gmt":"2024-10-11T09:43:19","guid":{"rendered":"https:\/\/ccic.hr\/it\/?p=4202"},"modified":"2024-12-17T11:30:49","modified_gmt":"2024-12-17T10:30:49","slug":"incontro-del-ministero-delleconomia-croato-con-le-rappresentanze-della-camera","status":"publish","type":"post","link":"https:\/\/ccic.hr\/it\/incontro-del-ministero-delleconomia-croato-con-le-rappresentanze-della-camera\/","title":{"rendered":"Incontro del Ministero dell&#8217;Economia croato con le rappresentanze della Camera"},"content":{"rendered":"\n<p>Oggi, l&#8217;11 ottobre a Zagabria, presso il Ministero dell&#8217;Economia, si \u00e8 tenuto un incontro importante e produttivo tra il Ministro dell&#8217;Economia, il signor Ante \u0160u\u0161njar, l&#8217;Ambasciatore d&#8217;Italia, S.E. Paolo Trichilo, e i rappresentanti della Camera di Commercio italo croata \u2013 il Presidente Aldo di Biagio e la Direttrice Andrea Perkov. L&#8217;argomento dell&#8217;incontro \u00e8 stato lo sviluppo e il miglioramento della cooperazione economica tra Croazia e Italia. Sono stati discussi i passi concreti per rafforzare le relazioni economiche bilaterali, con particolare attenzione al miglioramento dei progetti di investimento esistenti e allo sviluppo di nuovi. La discussione ha coinvolto settori chiave come industria, energia, turismo e innovazione, nei quali tutte le parti vedono un grande potenziale per una collaborazione pi\u00f9 profonda.<\/p>\n\n\n\n<p><\/p>\n\n\n\n<figure class=\"wp-block-image size-large\"><img fetchpriority=\"high\" decoding=\"async\" width=\"1024\" height=\"1004\" src=\"https:\/\/ccic.hr\/it\/wp-content\/uploads\/sites\/2\/2024\/10\/svi-1024x1004.jpg\" alt=\"\" class=\"wp-image-4204\" srcset=\"https:\/\/ccic.hr\/it\/wp-content\/uploads\/sites\/2\/2024\/10\/svi-1024x1004.jpg 1024w, https:\/\/ccic.hr\/it\/wp-content\/uploads\/sites\/2\/2024\/10\/svi-300x294.jpg 300w, https:\/\/ccic.hr\/it\/wp-content\/uploads\/sites\/2\/2024\/10\/svi-768x753.jpg 768w, https:\/\/ccic.hr\/it\/wp-content\/uploads\/sites\/2\/2024\/10\/svi-1200x1177.jpg 1200w, https:\/\/ccic.hr\/it\/wp-content\/uploads\/sites\/2\/2024\/10\/svi.jpg 1440w\" sizes=\"(max-width: 1024px) 100vw, 1024px\" \/><\/figure>\n\n\n\n<p><\/p>\n\n\n\n<p>Il Ministro \u0160u\u0161njar ha sottolineato l&#8217;importanza del partenariato strategico tra Croazia e Italia ed ha espresso la disponibilit\u00e0 della Croazia a rafforzare la cooperazione in tutte le aree di interesse comune. Ha inoltre evidenziato che la Croazia \u00e8 aperta a nuove iniziative che potrebbero contribuire a una crescita e uno sviluppo economico ulteriori.<\/p>\n\n\n\n<p>L&#8217;Ambasciatore d&#8217;Italia, S.E. Paolo Trichilo, ha espresso soddisfazione per la lunga e fruttuosa collaborazione tra i due paesi e ha confermato il sostegno del governo italiano ai futuri progetti comuni. Il Presidente della Camera di Commercio italo croata, il signor Aldo di Biagio, ha elogiato i risultati raggiunti finora ed ha espresso la speranza di un ulteriore rafforzamento dei legami economici. La Direttrice generale Andrea Perkov ha sottolineato l&#8217;importanza di rafforzare la comunicazione tra le comunit\u00e0 imprenditoriali della Croazia e dell&#8217;Italia, al fine di aprire nuove opportunit\u00e0 di cooperazione e crescita.<\/p>\n\n\n\n<p><\/p>\n\n\n\n<figure class=\"wp-block-image size-large\"><img decoding=\"async\" width=\"1024\" height=\"1008\" src=\"https:\/\/ccic.hr\/it\/wp-content\/uploads\/sites\/2\/2024\/10\/min-i-amb-1024x1008.jpg\" alt=\"\" class=\"wp-image-4205\" srcset=\"https:\/\/ccic.hr\/it\/wp-content\/uploads\/sites\/2\/2024\/10\/min-i-amb-1024x1008.jpg 1024w, https:\/\/ccic.hr\/it\/wp-content\/uploads\/sites\/2\/2024\/10\/min-i-amb-300x295.jpg 300w, https:\/\/ccic.hr\/it\/wp-content\/uploads\/sites\/2\/2024\/10\/min-i-amb-768x756.jpg 768w, https:\/\/ccic.hr\/it\/wp-content\/uploads\/sites\/2\/2024\/10\/min-i-amb-1200x1181.jpg 1200w, https:\/\/ccic.hr\/it\/wp-content\/uploads\/sites\/2\/2024\/10\/min-i-amb.jpg 1440w\" sizes=\"(max-width: 1024px) 100vw, 1024px\" \/><\/figure>\n\n\n\n<p><\/p>\n\n\n\n<p>Questo incontro rappresenta un altro passo fondamentale verso il rafforzamento dei legami economici tra Italia e Croazia. Tutti i partecipanti hanno espresso ottimismo e disponibilit\u00e0 a realizzare nuovi progetti comuni nel prossimo futuro.<\/p>\n","protected":false},"excerpt":{"rendered":"<p>Oggi, l&#8217;11 ottobre a Zagabria, presso il Ministero dell&#8217;Economia, si \u00e8 tenuto un incontro importante e produttivo tra il Ministro dell&#8217;Economia, il signor Ante \u0160u\u0161njar, l&#8217;Ambasciatore d&#8217;Italia, S.E. Paolo Trichilo, e i rappresentanti della Camera di Commercio italo croata \u2013 il Presidente Aldo di Biagio e la Direttrice Andrea Perkov. L&#8217;argomento dell&#8217;incontro \u00e8 stato lo [&hellip;]<\/p>\n","protected":false},"author":5,"featured_media":4203,"comment_status":"closed","ping_status":"open","sticky":false,"template":"","format":"standard","meta":{"footnotes":""},"categories":[12,3,9,7,2],"tags":[],"class_list":["post-4202","post","type-post","status-publish","format-standard","has-post-thumbnail","hentry","category-avvisi-2","category-eventi","category-in-evidenza","category-newsletter","category-notizie"],"_links":{"self":[{"href":"https:\/\/ccic.hr\/it\/wp-json\/wp\/v2\/posts\/4202","targetHints":{"allow":["GET"]}}],"collection":[{"href":"https:\/\/ccic.hr\/it\/wp-json\/wp\/v2\/posts"}],"about":[{"href":"https:\/\/ccic.hr\/it\/wp-json\/wp\/v2\/types\/post"}],"author":[{"embeddable":true,"href":"https:\/\/ccic.hr\/it\/wp-json\/wp\/v2\/users\/5"}],"replies":[{"embeddable":true,"href":"https:\/\/ccic.hr\/it\/wp-json\/wp\/v2\/comments?post=4202"}],"version-history":[{"count":2,"href":"https:\/\/ccic.hr\/it\/wp-json\/wp\/v2\/posts\/4202\/revisions"}],"predecessor-version":[{"id":4207,"href":"https:\/\/ccic.hr\/it\/wp-json\/wp\/v2\/posts\/4202\/revisions\/4207"}],"wp:featuredmedia":[{"embeddable":true,"href":"https:\/\/ccic.hr\/it\/wp-json\/wp\/v2\/media\/4203"}],"wp:attachment":[{"href":"https:\/\/ccic.hr\/it\/wp-json\/wp\/v2\/media?parent=4202"}],"wp:term":[{"taxonomy":"category","embeddable":true,"href":"https:\/\/ccic.hr\/it\/wp-json\/wp\/v2\/categories?post=4202"},{"taxonomy":"post_tag","embeddable":true,"href":"https:\/\/ccic.hr\/it\/wp-json\/wp\/v2\/tags?post=4202"}],"curies":[{"name":"wp","href":"https:\/\/api.w.org\/{rel}","templated":true}]}}