{"id":4263,"date":"2024-11-19T14:05:48","date_gmt":"2024-11-19T13:05:48","guid":{"rendered":"https:\/\/ccic.hr\/it\/?p=4263"},"modified":"2025-01-27T18:59:43","modified_gmt":"2025-01-27T17:59:43","slug":"settimana-della-cucina-italiana-festeggiamo-la-salute-e-i-gusti-del-mediterraneo","status":"publish","type":"post","link":"https:\/\/ccic.hr\/it\/settimana-della-cucina-italiana-festeggiamo-la-salute-e-i-gusti-del-mediterraneo\/","title":{"rendered":"La Settimana della cucina italiana: Festeggiamo la salute e i gusti del Mediterraneo"},"content":{"rendered":"\n<p>Questa settimana abbiamo festeggiato La <strong>IX edizione della Settimana della cucina italiana nel mondo<\/strong>, una manifestazione sotto gli auspici dell\u2019<a href=\"https:\/\/ambzagabria.esteri.it\/it\/\">Ambasciata d\u2019Italia in Croazia<\/a> che festeggia la ricchezza della gastronomia italiana e il suo impatto sulla salute e sul benessere umano in tutto il mondo. Negli spazi accoglienti della <a href=\"https:\/\/www.fazos.unios.hr\/\">Facolt\u00e0 di Scienze agrobiotecnologiche a Osijek<\/a> si \u00e8 tenuto un convegno scientifico dedicato alla <strong>dieta mediterranea<\/strong>, uno dei modi di vivere pi\u00f9 sani e gustosi al mondo.<\/p>\n\n\n\n<p><\/p>\n\n\n\n<figure class=\"wp-block-image size-large\"><img fetchpriority=\"high\" decoding=\"async\" width=\"1024\" height=\"771\" src=\"https:\/\/ccic.hr\/it\/wp-content\/uploads\/sites\/2\/2024\/11\/WhatsApp-Image-2024-11-13-at-17.03.444-1024x771.jpeg\" alt=\"\" class=\"wp-image-4265\" srcset=\"https:\/\/ccic.hr\/it\/wp-content\/uploads\/sites\/2\/2024\/11\/WhatsApp-Image-2024-11-13-at-17.03.444-1024x771.jpeg 1024w, https:\/\/ccic.hr\/it\/wp-content\/uploads\/sites\/2\/2024\/11\/WhatsApp-Image-2024-11-13-at-17.03.444-300x226.jpeg 300w, https:\/\/ccic.hr\/it\/wp-content\/uploads\/sites\/2\/2024\/11\/WhatsApp-Image-2024-11-13-at-17.03.444-768x578.jpeg 768w, https:\/\/ccic.hr\/it\/wp-content\/uploads\/sites\/2\/2024\/11\/WhatsApp-Image-2024-11-13-at-17.03.444-1536x1157.jpeg 1536w, https:\/\/ccic.hr\/it\/wp-content\/uploads\/sites\/2\/2024\/11\/WhatsApp-Image-2024-11-13-at-17.03.444-1200x904.jpeg 1200w, https:\/\/ccic.hr\/it\/wp-content\/uploads\/sites\/2\/2024\/11\/WhatsApp-Image-2024-11-13-at-17.03.444.jpeg 2040w\" sizes=\"(max-width: 1024px) 100vw, 1024px\" \/><\/figure>\n\n\n\n<p><\/p>\n\n\n\n<p>Gi\u00e0 le prime parole dei relatori hanno avvicinato al pubblico il legame tra l&#8217;Italia e la Croazia, due paesi che condividono la passione per la buona cucina e per l&#8217;arte di gustare il cibo. La direttrice della Camera di commercio italo croata, <strong>D.ssa Andrea Perkov<\/strong>, ha sottolineato che l&#8217;edizione della Settimana della cucina italiana di quest&#8217;anno porta una nuova dimensione: una <strong>visione scientifica<\/strong> della dieta mediterranea che mette in rilievo il re di tutti gli alimenti: l&#8217;olio d&#8217;oliva.<\/p>\n\n\n\n<p>La vice decana della Facolt\u00e0, <strong>D.ssa Brigita Popovi\u0107<\/strong>, ha ricordato l&#8217;importanza dell&#8217;olio d&#8217;oliva e della dieta mediterranea. Nonostante le ricche tradizioni gastronomiche della Slavonia, La Settimana della cucina italiana apre la porta alle <strong>sane e gustose usanze del Mediterraneo<\/strong>.<\/p>\n\n\n\n<p><\/p>\n\n\n\n<div class=\"wp-block-group is-nowrap is-layout-flex wp-container-core-group-is-layout-6c531013 wp-block-group-is-layout-flex\">\n<figure class=\"wp-block-gallery has-nested-images columns-default is-cropped wp-block-gallery-1 is-layout-flex wp-block-gallery-is-layout-flex\">\n<figure class=\"wp-block-image size-large\"><img decoding=\"async\" width=\"1024\" height=\"768\" data-id=\"4288\" src=\"https:\/\/ccic.hr\/it\/wp-content\/uploads\/sites\/2\/2024\/11\/WhatsApp-Image-2024-11-13-at-17.03.443-1-1024x768.jpeg\" alt=\"\" class=\"wp-image-4288\" srcset=\"https:\/\/ccic.hr\/it\/wp-content\/uploads\/sites\/2\/2024\/11\/WhatsApp-Image-2024-11-13-at-17.03.443-1-1024x768.jpeg 1024w, https:\/\/ccic.hr\/it\/wp-content\/uploads\/sites\/2\/2024\/11\/WhatsApp-Image-2024-11-13-at-17.03.443-1-300x225.jpeg 300w, https:\/\/ccic.hr\/it\/wp-content\/uploads\/sites\/2\/2024\/11\/WhatsApp-Image-2024-11-13-at-17.03.443-1-768x576.jpeg 768w, https:\/\/ccic.hr\/it\/wp-content\/uploads\/sites\/2\/2024\/11\/WhatsApp-Image-2024-11-13-at-17.03.443-1-1536x1152.jpeg 1536w, https:\/\/ccic.hr\/it\/wp-content\/uploads\/sites\/2\/2024\/11\/WhatsApp-Image-2024-11-13-at-17.03.443-1-1200x900.jpeg 1200w, https:\/\/ccic.hr\/it\/wp-content\/uploads\/sites\/2\/2024\/11\/WhatsApp-Image-2024-11-13-at-17.03.443-1.jpeg 2048w\" sizes=\"(max-width: 1024px) 100vw, 1024px\" \/><\/figure>\n<\/figure>\n\n\n\n<figure class=\"wp-block-gallery has-nested-images columns-default is-cropped wp-block-gallery-2 is-layout-flex wp-block-gallery-is-layout-flex\">\n<figure class=\"wp-block-image size-large\"><img decoding=\"async\" width=\"1024\" height=\"768\" data-id=\"4290\" src=\"https:\/\/ccic.hr\/it\/wp-content\/uploads\/sites\/2\/2024\/11\/WhatsApp-Image-2024-11-13-at-17.03.445-3-1024x768.jpeg\" alt=\"\" class=\"wp-image-4290\" srcset=\"https:\/\/ccic.hr\/it\/wp-content\/uploads\/sites\/2\/2024\/11\/WhatsApp-Image-2024-11-13-at-17.03.445-3-1024x768.jpeg 1024w, https:\/\/ccic.hr\/it\/wp-content\/uploads\/sites\/2\/2024\/11\/WhatsApp-Image-2024-11-13-at-17.03.445-3-300x225.jpeg 300w, https:\/\/ccic.hr\/it\/wp-content\/uploads\/sites\/2\/2024\/11\/WhatsApp-Image-2024-11-13-at-17.03.445-3-768x576.jpeg 768w, https:\/\/ccic.hr\/it\/wp-content\/uploads\/sites\/2\/2024\/11\/WhatsApp-Image-2024-11-13-at-17.03.445-3-1536x1152.jpeg 1536w, https:\/\/ccic.hr\/it\/wp-content\/uploads\/sites\/2\/2024\/11\/WhatsApp-Image-2024-11-13-at-17.03.445-3-1200x900.jpeg 1200w, https:\/\/ccic.hr\/it\/wp-content\/uploads\/sites\/2\/2024\/11\/WhatsApp-Image-2024-11-13-at-17.03.445-3.jpeg 2048w\" sizes=\"(max-width: 1024px) 100vw, 1024px\" \/><\/figure>\n<\/figure>\n<\/div>\n\n\n\n<p><\/p>\n\n\n\n<p>La <strong>D.ssa Nevena Skroza, specialista della nutrizione<\/strong>, ha spiegato come la dieta mediterranea aiuta a <strong>prevenire le<\/strong> <strong>malattie croniche<\/strong>. &#8220;La dieta non \u00e8 la causa della malattia, ma pu\u00f2 essere un fattore scatenante&#8221;, ha sottolineato, spiegando quanto siano importanti la frutta, la verdura e l&#8217;olio extravergine di oliva per la nostra salute.<\/p>\n\n\n\n<p>La <strong>nutrizionista Iva Dori\u0107<\/strong> ci ha portato in un viaggio nella <strong>storia della cucina mediterranea<\/strong> spiegando che essa \u00e8 il risultato di secoli di amore per la semplicit\u00e0, la qualit\u00e0 e la connessione con la natura. Dall&#8217;olio d&#8217;oliva al pesce e alle verdure fresche, ciascuno di questi alimenti racconta una storia di tradizione, cultura e salute.<\/p>\n\n\n\n<p><\/p>\n\n\n\n<div class=\"wp-block-group is-nowrap is-layout-flex wp-container-core-group-is-layout-6c531013 wp-block-group-is-layout-flex\">\n<figure class=\"wp-block-gallery has-nested-images columns-default is-cropped wp-block-gallery-3 is-layout-flex wp-block-gallery-is-layout-flex\">\n<figure class=\"wp-block-image size-large\"><img loading=\"lazy\" decoding=\"async\" width=\"1024\" height=\"768\" data-id=\"4269\" src=\"https:\/\/ccic.hr\/it\/wp-content\/uploads\/sites\/2\/2024\/11\/WhatsApp-Image-2024-11-13-at-17.03.415-1024x768.jpeg\" alt=\"\" class=\"wp-image-4269\" srcset=\"https:\/\/ccic.hr\/it\/wp-content\/uploads\/sites\/2\/2024\/11\/WhatsApp-Image-2024-11-13-at-17.03.415-1024x768.jpeg 1024w, https:\/\/ccic.hr\/it\/wp-content\/uploads\/sites\/2\/2024\/11\/WhatsApp-Image-2024-11-13-at-17.03.415-300x225.jpeg 300w, https:\/\/ccic.hr\/it\/wp-content\/uploads\/sites\/2\/2024\/11\/WhatsApp-Image-2024-11-13-at-17.03.415-768x576.jpeg 768w, https:\/\/ccic.hr\/it\/wp-content\/uploads\/sites\/2\/2024\/11\/WhatsApp-Image-2024-11-13-at-17.03.415-1536x1152.jpeg 1536w, https:\/\/ccic.hr\/it\/wp-content\/uploads\/sites\/2\/2024\/11\/WhatsApp-Image-2024-11-13-at-17.03.415-1200x900.jpeg 1200w, https:\/\/ccic.hr\/it\/wp-content\/uploads\/sites\/2\/2024\/11\/WhatsApp-Image-2024-11-13-at-17.03.415.jpeg 2048w\" sizes=\"(max-width: 1024px) 100vw, 1024px\" \/><\/figure>\n<\/figure>\n\n\n\n<figure class=\"wp-block-gallery has-nested-images columns-default is-cropped wp-block-gallery-4 is-layout-flex wp-block-gallery-is-layout-flex\">\n<figure class=\"wp-block-image size-large\"><img loading=\"lazy\" decoding=\"async\" width=\"1024\" height=\"768\" data-id=\"4270\" src=\"https:\/\/ccic.hr\/it\/wp-content\/uploads\/sites\/2\/2024\/11\/WhatsApp-Image-2024-11-13-at-17.03.442-1024x768.jpeg\" alt=\"\" class=\"wp-image-4270\" srcset=\"https:\/\/ccic.hr\/it\/wp-content\/uploads\/sites\/2\/2024\/11\/WhatsApp-Image-2024-11-13-at-17.03.442-1024x768.jpeg 1024w, https:\/\/ccic.hr\/it\/wp-content\/uploads\/sites\/2\/2024\/11\/WhatsApp-Image-2024-11-13-at-17.03.442-300x225.jpeg 300w, https:\/\/ccic.hr\/it\/wp-content\/uploads\/sites\/2\/2024\/11\/WhatsApp-Image-2024-11-13-at-17.03.442-768x576.jpeg 768w, https:\/\/ccic.hr\/it\/wp-content\/uploads\/sites\/2\/2024\/11\/WhatsApp-Image-2024-11-13-at-17.03.442-1536x1152.jpeg 1536w, https:\/\/ccic.hr\/it\/wp-content\/uploads\/sites\/2\/2024\/11\/WhatsApp-Image-2024-11-13-at-17.03.442-1200x900.jpeg 1200w, https:\/\/ccic.hr\/it\/wp-content\/uploads\/sites\/2\/2024\/11\/WhatsApp-Image-2024-11-13-at-17.03.442.jpeg 2048w\" sizes=\"(max-width: 1024px) 100vw, 1024px\" \/><\/figure>\n<\/figure>\n<\/div>\n\n\n\n<p><\/p>\n\n\n\n<p>A concludere il convegno scientifico \u00e8 stato l&#8217;Ambasciatore d&#8217;Italia in Croazia <strong>S.E. Paolo Trichilo<\/strong> che ha ringraziato i presenti per il loro sostegno sottolineando che l&#8217;Italia e la Croazia sono legate non solo dalla geografia, ma anche dall&#8217;amore per il cibo, dalla cultura e dai valori che hanno in comune.<\/p>\n\n\n\n<p>La parte finale della giornata \u00e8 stata una vera festa per il palato. <strong>La degustazione di olio d&#8217;oliva<\/strong>, organizzata dall&#8217;azienda di famiglia <a href=\"https:\/\/www.facebook.com\/profile.php?id=61561302323455\">Kotari<\/a>, ha avvicinato ai presenti i segreti di quest\u2019oro liquido. Tutti hanno avuto l&#8217;opportunit\u00e0 di assaggiare due variet\u00e0, una pi\u00f9 dolce e l\u2019altra pi\u00f9 piccante, nonch\u00e9 di sentire storie sulla tradizione della coltivazione delle olive e sulla produzione di prodotti di alta qualit\u00e0.<\/p>\n\n\n\n<p><\/p>\n\n\n\n<div class=\"wp-block-group is-nowrap is-layout-flex wp-container-core-group-is-layout-6c531013 wp-block-group-is-layout-flex\">\n<figure class=\"wp-block-gallery has-nested-images columns-default is-cropped wp-block-gallery-5 is-layout-flex wp-block-gallery-is-layout-flex\">\n<figure class=\"wp-block-image size-large\"><img loading=\"lazy\" decoding=\"async\" width=\"1024\" height=\"768\" data-id=\"4274\" src=\"https:\/\/ccic.hr\/it\/wp-content\/uploads\/sites\/2\/2024\/11\/WhatsApp-Image-2024-11-13-at-17.03.401-3-1024x768.jpeg\" alt=\"\" class=\"wp-image-4274\" srcset=\"https:\/\/ccic.hr\/it\/wp-content\/uploads\/sites\/2\/2024\/11\/WhatsApp-Image-2024-11-13-at-17.03.401-3-1024x768.jpeg 1024w, https:\/\/ccic.hr\/it\/wp-content\/uploads\/sites\/2\/2024\/11\/WhatsApp-Image-2024-11-13-at-17.03.401-3-300x225.jpeg 300w, https:\/\/ccic.hr\/it\/wp-content\/uploads\/sites\/2\/2024\/11\/WhatsApp-Image-2024-11-13-at-17.03.401-3-768x576.jpeg 768w, https:\/\/ccic.hr\/it\/wp-content\/uploads\/sites\/2\/2024\/11\/WhatsApp-Image-2024-11-13-at-17.03.401-3-1536x1152.jpeg 1536w, https:\/\/ccic.hr\/it\/wp-content\/uploads\/sites\/2\/2024\/11\/WhatsApp-Image-2024-11-13-at-17.03.401-3-1200x900.jpeg 1200w, https:\/\/ccic.hr\/it\/wp-content\/uploads\/sites\/2\/2024\/11\/WhatsApp-Image-2024-11-13-at-17.03.401-3.jpeg 2048w\" sizes=\"(max-width: 1024px) 100vw, 1024px\" \/><\/figure>\n<\/figure>\n\n\n\n<figure class=\"wp-block-gallery has-nested-images columns-default is-cropped wp-block-gallery-6 is-layout-flex wp-block-gallery-is-layout-flex\">\n<figure class=\"wp-block-image size-large\"><img loading=\"lazy\" decoding=\"async\" width=\"1024\" height=\"768\" data-id=\"4275\" src=\"https:\/\/ccic.hr\/it\/wp-content\/uploads\/sites\/2\/2024\/11\/WhatsApp-Image-2024-11-13-at-17.03.414-1024x768.jpeg\" alt=\"\" class=\"wp-image-4275\" srcset=\"https:\/\/ccic.hr\/it\/wp-content\/uploads\/sites\/2\/2024\/11\/WhatsApp-Image-2024-11-13-at-17.03.414-1024x768.jpeg 1024w, https:\/\/ccic.hr\/it\/wp-content\/uploads\/sites\/2\/2024\/11\/WhatsApp-Image-2024-11-13-at-17.03.414-300x225.jpeg 300w, https:\/\/ccic.hr\/it\/wp-content\/uploads\/sites\/2\/2024\/11\/WhatsApp-Image-2024-11-13-at-17.03.414-768x576.jpeg 768w, https:\/\/ccic.hr\/it\/wp-content\/uploads\/sites\/2\/2024\/11\/WhatsApp-Image-2024-11-13-at-17.03.414-1536x1152.jpeg 1536w, https:\/\/ccic.hr\/it\/wp-content\/uploads\/sites\/2\/2024\/11\/WhatsApp-Image-2024-11-13-at-17.03.414-1200x900.jpeg 1200w, https:\/\/ccic.hr\/it\/wp-content\/uploads\/sites\/2\/2024\/11\/WhatsApp-Image-2024-11-13-at-17.03.414.jpeg 2048w\" sizes=\"(max-width: 1024px) 100vw, 1024px\" \/><\/figure>\n<\/figure>\n<\/div>\n\n\n\n<p><\/p>\n\n\n\n<p>L\u2019edizione della Settimana della cucina italiana nel mondo di quest\u2019anno ci ha ricordato ancora una volta che il cibo non \u00e8 solo un carburante per il nostro corpo: \u00e8 una storia di condivisione, salute e divertimento. L&#8217;odore delle olive, il suono degli uliveti al vento e i sapori dei cibi appena preparati trasmettono a tutti noi una parte dell&#8217;Italia.<\/p>\n\n\n\n<p>Un sentito ringraziamento a tutti coloro che hanno sostenuto questa giornata speciale &#8211; in particolare al signor <strong>Vladimir Mihajlovi\u0107<\/strong> e alla rivista <a href=\"https:\/\/poduzetnik.biz\/\">Poduzetnik<\/a>!<\/p>\n\n\n\n<p><\/p>\n\n\n\n<div class=\"wp-block-group is-nowrap is-layout-flex wp-container-core-group-is-layout-6c531013 wp-block-group-is-layout-flex\">\n<figure class=\"wp-block-gallery has-nested-images columns-default is-cropped wp-block-gallery-7 is-layout-flex wp-block-gallery-is-layout-flex\">\n<figure class=\"wp-block-image size-large\"><img loading=\"lazy\" decoding=\"async\" width=\"1024\" height=\"768\" data-id=\"4278\" src=\"https:\/\/ccic.hr\/it\/wp-content\/uploads\/sites\/2\/2024\/11\/WhatsApp-Image-2024-11-13-at-17.03.40-2-1024x768.jpeg\" alt=\"\" class=\"wp-image-4278\" srcset=\"https:\/\/ccic.hr\/it\/wp-content\/uploads\/sites\/2\/2024\/11\/WhatsApp-Image-2024-11-13-at-17.03.40-2-1024x768.jpeg 1024w, https:\/\/ccic.hr\/it\/wp-content\/uploads\/sites\/2\/2024\/11\/WhatsApp-Image-2024-11-13-at-17.03.40-2-300x225.jpeg 300w, https:\/\/ccic.hr\/it\/wp-content\/uploads\/sites\/2\/2024\/11\/WhatsApp-Image-2024-11-13-at-17.03.40-2-768x576.jpeg 768w, https:\/\/ccic.hr\/it\/wp-content\/uploads\/sites\/2\/2024\/11\/WhatsApp-Image-2024-11-13-at-17.03.40-2-1536x1152.jpeg 1536w, https:\/\/ccic.hr\/it\/wp-content\/uploads\/sites\/2\/2024\/11\/WhatsApp-Image-2024-11-13-at-17.03.40-2-1200x900.jpeg 1200w, https:\/\/ccic.hr\/it\/wp-content\/uploads\/sites\/2\/2024\/11\/WhatsApp-Image-2024-11-13-at-17.03.40-2.jpeg 2048w\" sizes=\"(max-width: 1024px) 100vw, 1024px\" \/><\/figure>\n<\/figure>\n\n\n\n<figure class=\"wp-block-gallery has-nested-images columns-default is-cropped wp-block-gallery-8 is-layout-flex wp-block-gallery-is-layout-flex\">\n<figure class=\"wp-block-image size-large\"><img loading=\"lazy\" decoding=\"async\" width=\"1024\" height=\"768\" data-id=\"4279\" src=\"https:\/\/ccic.hr\/it\/wp-content\/uploads\/sites\/2\/2024\/11\/WhatsApp-Image-2024-11-13-at-17.03.438-1024x768.jpeg\" alt=\"\" class=\"wp-image-4279\" srcset=\"https:\/\/ccic.hr\/it\/wp-content\/uploads\/sites\/2\/2024\/11\/WhatsApp-Image-2024-11-13-at-17.03.438-1024x768.jpeg 1024w, https:\/\/ccic.hr\/it\/wp-content\/uploads\/sites\/2\/2024\/11\/WhatsApp-Image-2024-11-13-at-17.03.438-300x225.jpeg 300w, https:\/\/ccic.hr\/it\/wp-content\/uploads\/sites\/2\/2024\/11\/WhatsApp-Image-2024-11-13-at-17.03.438-768x576.jpeg 768w, https:\/\/ccic.hr\/it\/wp-content\/uploads\/sites\/2\/2024\/11\/WhatsApp-Image-2024-11-13-at-17.03.438-1536x1152.jpeg 1536w, https:\/\/ccic.hr\/it\/wp-content\/uploads\/sites\/2\/2024\/11\/WhatsApp-Image-2024-11-13-at-17.03.438-1200x900.jpeg 1200w, https:\/\/ccic.hr\/it\/wp-content\/uploads\/sites\/2\/2024\/11\/WhatsApp-Image-2024-11-13-at-17.03.438.jpeg 2048w\" sizes=\"(max-width: 1024px) 100vw, 1024px\" \/><\/figure>\n<\/figure>\n<\/div>\n\n\n\n<figure class=\"wp-block-gallery has-nested-images columns-default is-cropped wp-block-gallery-9 is-layout-flex wp-block-gallery-is-layout-flex\">\n<figure class=\"wp-block-image size-large\"><img loading=\"lazy\" decoding=\"async\" width=\"1024\" height=\"768\" data-id=\"4280\" src=\"https:\/\/ccic.hr\/it\/wp-content\/uploads\/sites\/2\/2024\/11\/WhatsApp-Image-2024-11-13-at-17.03.439-1024x768.jpeg\" alt=\"\" class=\"wp-image-4280\" srcset=\"https:\/\/ccic.hr\/it\/wp-content\/uploads\/sites\/2\/2024\/11\/WhatsApp-Image-2024-11-13-at-17.03.439-1024x768.jpeg 1024w, https:\/\/ccic.hr\/it\/wp-content\/uploads\/sites\/2\/2024\/11\/WhatsApp-Image-2024-11-13-at-17.03.439-300x225.jpeg 300w, https:\/\/ccic.hr\/it\/wp-content\/uploads\/sites\/2\/2024\/11\/WhatsApp-Image-2024-11-13-at-17.03.439-768x576.jpeg 768w, https:\/\/ccic.hr\/it\/wp-content\/uploads\/sites\/2\/2024\/11\/WhatsApp-Image-2024-11-13-at-17.03.439-1536x1152.jpeg 1536w, https:\/\/ccic.hr\/it\/wp-content\/uploads\/sites\/2\/2024\/11\/WhatsApp-Image-2024-11-13-at-17.03.439-1200x900.jpeg 1200w, https:\/\/ccic.hr\/it\/wp-content\/uploads\/sites\/2\/2024\/11\/WhatsApp-Image-2024-11-13-at-17.03.439.jpeg 2048w\" sizes=\"(max-width: 1024px) 100vw, 1024px\" \/><\/figure>\n<\/figure>\n","protected":false},"excerpt":{"rendered":"<p>Questa settimana abbiamo festeggiato La IX edizione della Settimana della cucina italiana nel mondo, una manifestazione sotto gli auspici dell\u2019Ambasciata d\u2019Italia in Croazia che festeggia la ricchezza della gastronomia italiana e il suo impatto sulla salute e sul benessere umano in tutto il mondo. Negli spazi accoglienti della Facolt\u00e0 di Scienze agrobiotecnologiche a Osijek si [&hellip;]<\/p>\n","protected":false},"author":5,"featured_media":4295,"comment_status":"closed","ping_status":"open","sticky":false,"template":"","format":"standard","meta":{"footnotes":""},"categories":[3],"tags":[],"class_list":["post-4263","post","type-post","status-publish","format-standard","has-post-thumbnail","hentry","category-eventi"],"_links":{"self":[{"href":"https:\/\/ccic.hr\/it\/wp-json\/wp\/v2\/posts\/4263","targetHints":{"allow":["GET"]}}],"collection":[{"href":"https:\/\/ccic.hr\/it\/wp-json\/wp\/v2\/posts"}],"about":[{"href":"https:\/\/ccic.hr\/it\/wp-json\/wp\/v2\/types\/post"}],"author":[{"embeddable":true,"href":"https:\/\/ccic.hr\/it\/wp-json\/wp\/v2\/users\/5"}],"replies":[{"embeddable":true,"href":"https:\/\/ccic.hr\/it\/wp-json\/wp\/v2\/comments?post=4263"}],"version-history":[{"count":9,"href":"https:\/\/ccic.hr\/it\/wp-json\/wp\/v2\/posts\/4263\/revisions"}],"predecessor-version":[{"id":4297,"href":"https:\/\/ccic.hr\/it\/wp-json\/wp\/v2\/posts\/4263\/revisions\/4297"}],"wp:featuredmedia":[{"embeddable":true,"href":"https:\/\/ccic.hr\/it\/wp-json\/wp\/v2\/media\/4295"}],"wp:attachment":[{"href":"https:\/\/ccic.hr\/it\/wp-json\/wp\/v2\/media?parent=4263"}],"wp:term":[{"taxonomy":"category","embeddable":true,"href":"https:\/\/ccic.hr\/it\/wp-json\/wp\/v2\/categories?post=4263"},{"taxonomy":"post_tag","embeddable":true,"href":"https:\/\/ccic.hr\/it\/wp-json\/wp\/v2\/tags?post=4263"}],"curies":[{"name":"wp","href":"https:\/\/api.w.org\/{rel}","templated":true}]}}