{"id":4388,"date":"2025-02-03T15:43:47","date_gmt":"2025-02-03T14:43:47","guid":{"rendered":"https:\/\/ccic.hr\/it\/?p=4388"},"modified":"2025-02-24T10:37:21","modified_gmt":"2025-02-24T09:37:21","slug":"business-breakfast","status":"publish","type":"post","link":"https:\/\/ccic.hr\/it\/business-breakfast\/","title":{"rendered":"BUSINESS BREAKFAST"},"content":{"rendered":"\n<p>Carissimi Soci, Vi invitiamo al nostro primo Business Breakfast dell\u2019anno!<\/p>\n\n\n\n<p><img decoding=\"async\" height=\"16\" width=\"16\" alt=\"????\" src=\"https:\/\/static.xx.fbcdn.net\/images\/emoji.php\/v9\/tac\/1\/16\/1f4cc.png\"> Gioved\u00ec 6 febbraio,<\/p>\n\n\n\n<p><img decoding=\"async\" height=\"16\" width=\"16\" alt=\"????\" src=\"https:\/\/static.xx.fbcdn.net\/images\/emoji.php\/v9\/tb0\/1\/16\/1f558.png\"> 9:00 &#8211; 11:30<\/p>\n\n\n\n<p><img decoding=\"async\" height=\"16\" width=\"16\" alt=\"????\" src=\"https:\/\/static.xx.fbcdn.net\/images\/emoji.php\/v9\/t2d\/1\/16\/1f4cd.png\"> Hotel Zonar, Sala Perpetuum, Trg Kre\u0161imira \u0106osi\u0107a 9, Zagabria<\/p>\n\n\n\n<p>Durante l\u2019evento approfondiremo la Direttiva NIS2 dell\u2019UE sulle misure fondamentali per la cibersicurezza nelle imprese. Gli esperti di ASEE Solutions (Gruppo ASEE), leader nello sviluppo di soluzioni IT personalizzate, spiegheranno i requisiti della Direttiva e come rispettare le scadenze previste. Il seminario sar\u00e0 in lingua inglese e si concluder\u00e0 con una colazione rinforzante! <img loading=\"lazy\" decoding=\"async\" height=\"16\" width=\"16\" alt=\"????\" src=\"https:\/\/static.xx.fbcdn.net\/images\/emoji.php\/v9\/tac\/1\/16\/1f950.png\"><\/p>\n\n\n\n<p>Partecipazione gratuita previa registrazione al link: <a href=\"https:\/\/forms.gle\/Kmt5seTpBNXVTQBV9?fbclid=IwZXh0bgNhZW0CMTAAAR1smQJsq0tb2TH-xIJC0e1HD-KETkbDxlM3z0qQedsZlFZiTUruO_QJlXs_aem_4ueghA-C7QHn8p-wiaUsqg\" rel=\"noreferrer noopener\" target=\"_blank\">https:\/\/forms.gle\/Kmt5seTpBNXVTQBV9<\/a><\/p>\n\n\n\n<p>Sono benvenuti anche i Vostri colleghi del settore IT. <img loading=\"lazy\" decoding=\"async\" height=\"16\" width=\"16\" alt=\"????\u200d????\" src=\"https:\/\/static.xx.fbcdn.net\/images\/emoji.php\/v9\/tc9\/1\/16\/1f9d1_200d_1f4bb.png\"> Ci vediamo!<\/p>\n","protected":false},"excerpt":{"rendered":"<p>Carissimi Soci, Vi invitiamo al nostro primo Business Breakfast dell\u2019anno! Gioved\u00ec 6 febbraio, 9:00 &#8211; 11:30 Hotel Zonar, Sala Perpetuum, Trg Kre\u0161imira \u0106osi\u0107a 9, Zagabria Durante l\u2019evento approfondiremo la Direttiva NIS2 dell\u2019UE sulle misure fondamentali per la cibersicurezza nelle imprese. Gli esperti di ASEE Solutions (Gruppo ASEE), leader nello sviluppo di soluzioni IT personalizzate, spiegheranno [&hellip;]<\/p>\n","protected":false},"author":5,"featured_media":4389,"comment_status":"closed","ping_status":"open","sticky":false,"template":"","format":"standard","meta":{"footnotes":""},"categories":[12,10,8],"tags":[],"class_list":["post-4388","post","type-post","status-publish","format-standard","has-post-thumbnail","hentry","category-avvisi-2","category-bilteni","category-fondi-ue-e-fondi-nazinali"],"_links":{"self":[{"href":"https:\/\/ccic.hr\/it\/wp-json\/wp\/v2\/posts\/4388","targetHints":{"allow":["GET"]}}],"collection":[{"href":"https:\/\/ccic.hr\/it\/wp-json\/wp\/v2\/posts"}],"about":[{"href":"https:\/\/ccic.hr\/it\/wp-json\/wp\/v2\/types\/post"}],"author":[{"embeddable":true,"href":"https:\/\/ccic.hr\/it\/wp-json\/wp\/v2\/users\/5"}],"replies":[{"embeddable":true,"href":"https:\/\/ccic.hr\/it\/wp-json\/wp\/v2\/comments?post=4388"}],"version-history":[{"count":1,"href":"https:\/\/ccic.hr\/it\/wp-json\/wp\/v2\/posts\/4388\/revisions"}],"predecessor-version":[{"id":4390,"href":"https:\/\/ccic.hr\/it\/wp-json\/wp\/v2\/posts\/4388\/revisions\/4390"}],"wp:featuredmedia":[{"embeddable":true,"href":"https:\/\/ccic.hr\/it\/wp-json\/wp\/v2\/media\/4389"}],"wp:attachment":[{"href":"https:\/\/ccic.hr\/it\/wp-json\/wp\/v2\/media?parent=4388"}],"wp:term":[{"taxonomy":"category","embeddable":true,"href":"https:\/\/ccic.hr\/it\/wp-json\/wp\/v2\/categories?post=4388"},{"taxonomy":"post_tag","embeddable":true,"href":"https:\/\/ccic.hr\/it\/wp-json\/wp\/v2\/tags?post=4388"}],"curies":[{"name":"wp","href":"https:\/\/api.w.org\/{rel}","templated":true}]}}