{"id":4423,"date":"2025-02-14T12:14:05","date_gmt":"2025-02-14T11:14:05","guid":{"rendered":"https:\/\/ccic.hr\/it\/?p=4423"},"modified":"2025-04-07T16:12:54","modified_gmt":"2025-04-07T14:12:54","slug":"tenutasi-a-vukovar-linaugurazione-della-mostra-unimmagine-che-parla-innovazione-trasformazione-e-icone-di-marchi-e-designer-italiani-famosi","status":"publish","type":"post","link":"https:\/\/ccic.hr\/it\/tenutasi-a-vukovar-linaugurazione-della-mostra-unimmagine-che-parla-innovazione-trasformazione-e-icone-di-marchi-e-designer-italiani-famosi\/","title":{"rendered":"Tenutasi a Vukovar l\u2019inaugurazione della mostra \u201cUn\u2019immagine che parla: innovazione, trasformazione e icone di marchi e designer italiani famosi\u201c"},"content":{"rendered":"\n<p>Marted\u00ec 11 febbraio, presso la Galleria Oran\u017eerija del Museo Civico di Vukovar si \u00e8 tenuta l\u2019inaugurazione della mostra <em>Un\u2019immagine che parla: innovazione, trasformazione e icone di marchi e designer italiani famosi<\/em>, con un\u2019attenzione particolare all\u2019economia circolare nel settore del legno.<\/p>\n\n\n\n<p>Le sedie BASIL del brand Calligaris, i mobili dell\u2019azienda Florian realizzati in quercia della Slavonia e il tavolo modulare del collettivo Orizzontale, prodotto con legno riciclato, sono solo alcuni dei prodotti sostenibili presentati all\u2019inaugurazione della mostra. <em>Il Museo del Marchio Italianodi Napoli<\/em> ha inoltre esposto la storia dei brand italiani nei settori dell\u2019alimentazione, dell\u2019automobile e della moda.<\/p>\n\n\n\n<figure class=\"wp-block-image size-large\"><img fetchpriority=\"high\" decoding=\"async\" width=\"1024\" height=\"683\" src=\"https:\/\/ccic.hr\/it\/wp-content\/uploads\/sites\/2\/2025\/02\/1-1024x683.jpg\" alt=\"\" class=\"wp-image-4425\" srcset=\"https:\/\/ccic.hr\/it\/wp-content\/uploads\/sites\/2\/2025\/02\/1-1024x683.jpg 1024w, https:\/\/ccic.hr\/it\/wp-content\/uploads\/sites\/2\/2025\/02\/1-300x200.jpg 300w, https:\/\/ccic.hr\/it\/wp-content\/uploads\/sites\/2\/2025\/02\/1-768x512.jpg 768w, https:\/\/ccic.hr\/it\/wp-content\/uploads\/sites\/2\/2025\/02\/1-1536x1024.jpg 1536w, https:\/\/ccic.hr\/it\/wp-content\/uploads\/sites\/2\/2025\/02\/1-1200x800.jpg 1200w, https:\/\/ccic.hr\/it\/wp-content\/uploads\/sites\/2\/2025\/02\/1.jpg 1600w\" sizes=\"(max-width: 1024px) 100vw, 1024px\" \/><\/figure>\n\n\n\n<p>Foto: Museo Civico di Vukovar<\/p>\n\n\n\n<p>L\u2019obiettivo della mostra \u00e8 quello di porre l\u2019accento sulla sostenibilit\u00e0, sull\u2019innovazione e sul design italiano. Dopo aver visitato diverse citt\u00e0 croate, la mostra continuer\u00e0 il suo viaggio in primavera, offrendo ai visitatori una panoramica sul design italiano del passato, del presente e del futuro.<\/p>\n\n\n\n<p>All\u2019inaugurazione ha partecipato anche <strong>l\u2019Ambasciatore italiano in Croazia, S.E. Paolo Trichilo<\/strong>, che ha espresso la sua soddisfazione per l\u2019inaugurazione nonch\u00e9 ringraziato la direttrice del Museo Dott.ssa Ana Filipovi\u0107, per la collaborazione con l\u2019Ambasciata.<\/p>\n\n\n\n<figure class=\"wp-block-image size-large\"><img decoding=\"async\" width=\"1024\" height=\"683\" src=\"https:\/\/ccic.hr\/it\/wp-content\/uploads\/sites\/2\/2025\/02\/2-1024x683.jpg\" alt=\"\" class=\"wp-image-4426\" srcset=\"https:\/\/ccic.hr\/it\/wp-content\/uploads\/sites\/2\/2025\/02\/2-1024x683.jpg 1024w, https:\/\/ccic.hr\/it\/wp-content\/uploads\/sites\/2\/2025\/02\/2-300x200.jpg 300w, https:\/\/ccic.hr\/it\/wp-content\/uploads\/sites\/2\/2025\/02\/2-768x512.jpg 768w, https:\/\/ccic.hr\/it\/wp-content\/uploads\/sites\/2\/2025\/02\/2-1536x1024.jpg 1536w, https:\/\/ccic.hr\/it\/wp-content\/uploads\/sites\/2\/2025\/02\/2-1200x800.jpg 1200w, https:\/\/ccic.hr\/it\/wp-content\/uploads\/sites\/2\/2025\/02\/2.jpg 1600w\" sizes=\"(max-width: 1024px) 100vw, 1024px\" \/><\/figure>\n\n\n\n<p>Foto: Museo Civico di Vukovar<\/p>\n\n\n\n<p>L\u2019Ambasciatore ha inoltre rivolto un ringraziamento alla Camera di commercio italo croata per il suo impegno nella promozione del <em>Made in Italy<\/em> e per il rafforzamento dei legami tra imprenditori italiani in Croazia, nonch\u00e9 per il supporto nell\u2019organizzazione della mostra nella zona pi\u00f9 orientale della Croazia.<\/p>\n\n\n\n<p>La mostra \u00e8 visitabile fino al 28 febbraio.<\/p>\n","protected":false},"excerpt":{"rendered":"<p>Marted\u00ec 11 febbraio, presso la Galleria Oran\u017eerija del Museo Civico di Vukovar si \u00e8 tenuta l\u2019inaugurazione della mostra Un\u2019immagine che parla: innovazione, trasformazione e icone di marchi e designer italiani famosi, con un\u2019attenzione particolare all\u2019economia circolare nel settore del legno. Le sedie BASIL del brand Calligaris, i mobili dell\u2019azienda Florian realizzati in quercia della Slavonia [&hellip;]<\/p>\n","protected":false},"author":5,"featured_media":5045,"comment_status":"closed","ping_status":"open","sticky":false,"template":"","format":"standard","meta":{"footnotes":""},"categories":[3],"tags":[],"class_list":["post-4423","post","type-post","status-publish","format-standard","has-post-thumbnail","hentry","category-eventi"],"_links":{"self":[{"href":"https:\/\/ccic.hr\/it\/wp-json\/wp\/v2\/posts\/4423","targetHints":{"allow":["GET"]}}],"collection":[{"href":"https:\/\/ccic.hr\/it\/wp-json\/wp\/v2\/posts"}],"about":[{"href":"https:\/\/ccic.hr\/it\/wp-json\/wp\/v2\/types\/post"}],"author":[{"embeddable":true,"href":"https:\/\/ccic.hr\/it\/wp-json\/wp\/v2\/users\/5"}],"replies":[{"embeddable":true,"href":"https:\/\/ccic.hr\/it\/wp-json\/wp\/v2\/comments?post=4423"}],"version-history":[{"count":1,"href":"https:\/\/ccic.hr\/it\/wp-json\/wp\/v2\/posts\/4423\/revisions"}],"predecessor-version":[{"id":4427,"href":"https:\/\/ccic.hr\/it\/wp-json\/wp\/v2\/posts\/4423\/revisions\/4427"}],"wp:featuredmedia":[{"embeddable":true,"href":"https:\/\/ccic.hr\/it\/wp-json\/wp\/v2\/media\/5045"}],"wp:attachment":[{"href":"https:\/\/ccic.hr\/it\/wp-json\/wp\/v2\/media?parent=4423"}],"wp:term":[{"taxonomy":"category","embeddable":true,"href":"https:\/\/ccic.hr\/it\/wp-json\/wp\/v2\/categories?post=4423"},{"taxonomy":"post_tag","embeddable":true,"href":"https:\/\/ccic.hr\/it\/wp-json\/wp\/v2\/tags?post=4423"}],"curies":[{"name":"wp","href":"https:\/\/api.w.org\/{rel}","templated":true}]}}