{"id":5247,"date":"2025-06-06T11:13:01","date_gmt":"2025-06-06T09:13:01","guid":{"rendered":"https:\/\/ccic.hr\/it\/?p=5247"},"modified":"2025-10-07T15:38:52","modified_gmt":"2025-10-07T13:38:52","slug":"%f0%9f%8c%8e-global-exhibitions-day-%f0%9f%8c%8e","status":"publish","type":"post","link":"https:\/\/ccic.hr\/it\/%f0%9f%8c%8e-global-exhibitions-day-%f0%9f%8c%8e\/","title":{"rendered":"\ud83c\udf0e GLOBAL EXHIBITIONS DAY \ud83c\udf0e"},"content":{"rendered":"\n<p>Per il secondo anno consecutivo, la CCIC ha preso parte alla Conferenza sul settore fieristico nell\u2019ambito della <a href=\"https:\/\/www.ufi.org\/industry-resources\/global-exhibitions-day\/\"><strong>Giornata Mondiale delle Fiere \u2013 Global Exhibitions Day<\/strong><\/a>, sotto il titolo Ospitalit\u00e0 d\u2019Affari, organizzata a Bjelovar dalla rivista economica <a href=\"https:\/\/suvremena.hr\/\">Suvremena.hr<\/a>.<\/p>\n\n\n\n<figure class=\"wp-block-image size-large\"><img fetchpriority=\"high\" decoding=\"async\" width=\"1024\" height=\"683\" src=\"https:\/\/ccic.hr\/it\/wp-content\/uploads\/sites\/2\/2025\/06\/Publika-1024x683.png\" alt=\"\" class=\"wp-image-5251\" srcset=\"https:\/\/ccic.hr\/it\/wp-content\/uploads\/sites\/2\/2025\/06\/Publika-1024x683.png 1024w, https:\/\/ccic.hr\/it\/wp-content\/uploads\/sites\/2\/2025\/06\/Publika-300x200.png 300w, https:\/\/ccic.hr\/it\/wp-content\/uploads\/sites\/2\/2025\/06\/Publika-768x512.png 768w, https:\/\/ccic.hr\/it\/wp-content\/uploads\/sites\/2\/2025\/06\/Publika.png 1172w\" sizes=\"(max-width: 1024px) 100vw, 1024px\" \/><\/figure>\n\n\n\n<p>\ud83d\udde3\ufe0f All\u2019apertura della conferenza hanno preso la parola <strong>Sre\u0107ko Serti\u0107<\/strong>, direttore di <a href=\"https:\/\/suvremena.hr\/\">Suvremena trgovina<\/a>, <strong>Dario Hrebak<\/strong>, sindaco della citt\u00e0 di Bjelovar, e <strong>Tihomir \u010cau\u0161<\/strong>, responsabile vendite della Fiera di Bjelovar. Tra i protagonisti anche <strong>Andrea Perkov, direttrice generale della CCIC<\/strong>, che ha tenuto la relazione introduttiva.<\/p>\n\n\n\n<figure class=\"wp-block-image size-large\"><img decoding=\"async\" width=\"1024\" height=\"682\" src=\"https:\/\/ccic.hr\/it\/wp-content\/uploads\/sites\/2\/2025\/06\/Srecko-1024x682.png\" alt=\"\" class=\"wp-image-5252\" srcset=\"https:\/\/ccic.hr\/it\/wp-content\/uploads\/sites\/2\/2025\/06\/Srecko-1024x682.png 1024w, https:\/\/ccic.hr\/it\/wp-content\/uploads\/sites\/2\/2025\/06\/Srecko-300x200.png 300w, https:\/\/ccic.hr\/it\/wp-content\/uploads\/sites\/2\/2025\/06\/Srecko-768x512.png 768w, https:\/\/ccic.hr\/it\/wp-content\/uploads\/sites\/2\/2025\/06\/Srecko.png 1181w\" sizes=\"(max-width: 1024px) 100vw, 1024px\" \/><\/figure>\n\n\n\n<p>Nel suo intervento, <strong>la direttrice Perkov ha ripercorso i cento anni di storia dell\u2019<a href=\"https:\/\/www.ufi.org\/industry-resources\/global-exhibitions-day\/\">UFI \u2013 l\u2019associazione mondiale dell\u2019industria fieristica<\/a>.<\/strong> L\u2019Italia, in quanto potenza fieristica europea, offre opportunit\u00e0 straordinarie alle imprese croate, ospitando alcune delle fiere pi\u00f9 importanti del panorama internazionale.<\/p>\n\n\n\n<figure class=\"wp-block-image size-large\"><img decoding=\"async\" width=\"1024\" height=\"691\" src=\"https:\/\/ccic.hr\/it\/wp-content\/uploads\/sites\/2\/2025\/06\/Andrea-1024x691.png\" alt=\"\" class=\"wp-image-5253\" srcset=\"https:\/\/ccic.hr\/it\/wp-content\/uploads\/sites\/2\/2025\/06\/Andrea-1024x691.png 1024w, https:\/\/ccic.hr\/it\/wp-content\/uploads\/sites\/2\/2025\/06\/Andrea-300x202.png 300w, https:\/\/ccic.hr\/it\/wp-content\/uploads\/sites\/2\/2025\/06\/Andrea-768x518.png 768w, https:\/\/ccic.hr\/it\/wp-content\/uploads\/sites\/2\/2025\/06\/Andrea.png 1176w\" sizes=\"(max-width: 1024px) 100vw, 1024px\" \/><\/figure>\n\n\n\n<p>La Penisola ospita alcune delle fiere pi\u00f9 importanti del panorama internazionale, tra cui spiccano: <strong>il <em>Salone del Mobile di Milano<\/em>, <em>CIBUS<\/em>, <em>Cosmoprof<\/em>, <em>EIMA<\/em>, <em>SIMEI<\/em>, <em>MECSPE<\/em>, <em>Fiera del Levante<\/em> di Bari e molte altre.<\/strong><\/p>\n\n\n\n<p>Il progetto <em>Conferenza sul settore fieristico<\/em> mira a riaffermare l\u2019importanza dell\u2019attivit\u00e0 espositiva e a sensibilizzare sull\u2019evoluzione del ruolo delle fiere nell\u2019economia contemporanea. L\u2019accento \u00e8 posto sulla <strong>ricerca di nuovi mercati e consumatori,<\/strong> sul miglioramento delle relazioni con espositori e visitatori, e sulla promozione delle fiere come strumenti strategici per lo sviluppo economico regionale.<\/p>\n\n\n\n<figure class=\"wp-block-image size-large\"><img loading=\"lazy\" decoding=\"async\" width=\"1024\" height=\"688\" src=\"https:\/\/ccic.hr\/it\/wp-content\/uploads\/sites\/2\/2025\/06\/Panel-1024x688.png\" alt=\"\" class=\"wp-image-5254\" srcset=\"https:\/\/ccic.hr\/it\/wp-content\/uploads\/sites\/2\/2025\/06\/Panel-1024x688.png 1024w, https:\/\/ccic.hr\/it\/wp-content\/uploads\/sites\/2\/2025\/06\/Panel-300x201.png 300w, https:\/\/ccic.hr\/it\/wp-content\/uploads\/sites\/2\/2025\/06\/Panel-768x516.png 768w, https:\/\/ccic.hr\/it\/wp-content\/uploads\/sites\/2\/2025\/06\/Panel.png 1172w\" sizes=\"(max-width: 1024px) 100vw, 1024px\" \/><\/figure>\n\n\n\n<p>Attraverso una serie di attivit\u00e0 legate alla <a href=\"https:\/\/www.ufi.org\/industry-resources\/global-exhibitions-day\/\"><em>Global Exhibitions Day<\/em>,<\/a> il progetto intende rafforzare il legame tra il mondo economico e quello fieristico, promuovendo una crescita regionale di qualit\u00e0. Le fiere vengono riconosciute come nodi centrali per l\u2019incontro tra imprenditori e la creazione di solide reti commerciali, gettando le basi per uno sviluppo rapido e sostenibile.<\/p>\n\n\n\n<p>Evento di punta dell\u2019iniziativa \u00e8<strong> l\u201911\u00aa Conferenza sul Settore Fieristico,<\/strong> che riunisce esperti del settore per discutere i principali temi legati all\u2019industria espositiva, quest\u2019anno incentrata sul concetto di <em>ospitalit\u00e0 d\u2019affari<\/em>. Tra gli argomenti in agenda: innovazione, digitalizzazione e sostenibilit\u00e0 del sistema fieristico.<\/p>\n\n\n\n<figure class=\"wp-block-image size-large\"><img loading=\"lazy\" decoding=\"async\" width=\"1024\" height=\"685\" src=\"https:\/\/ccic.hr\/it\/wp-content\/uploads\/sites\/2\/2025\/06\/Srecko-siri-kut-1024x685.png\" alt=\"\" class=\"wp-image-5256\" srcset=\"https:\/\/ccic.hr\/it\/wp-content\/uploads\/sites\/2\/2025\/06\/Srecko-siri-kut-1024x685.png 1024w, https:\/\/ccic.hr\/it\/wp-content\/uploads\/sites\/2\/2025\/06\/Srecko-siri-kut-300x201.png 300w, https:\/\/ccic.hr\/it\/wp-content\/uploads\/sites\/2\/2025\/06\/Srecko-siri-kut-768x514.png 768w, https:\/\/ccic.hr\/it\/wp-content\/uploads\/sites\/2\/2025\/06\/Srecko-siri-kut.png 1182w\" sizes=\"(max-width: 1024px) 100vw, 1024px\" \/><\/figure>\n\n\n\n<p>La conferenza si propone di gettare le basi per la costruzione di un\u2019industria fieristica moderna, digitale e sostenibile, a sostegno dello sviluppo delle comunit\u00e0 locali, della produzione e dell\u2019espansione sui mercati. Un\u2019importante <strong>piattaforma di dialogo <\/strong>per affrontare con visione le sfide dell\u2019economia contemporanea.<\/p>\n\n\n\n<figure class=\"wp-block-image size-large\"><img loading=\"lazy\" decoding=\"async\" width=\"1024\" height=\"684\" src=\"https:\/\/ccic.hr\/it\/wp-content\/uploads\/sites\/2\/2025\/06\/Network-1024x684.png\" alt=\"\" class=\"wp-image-5257\" srcset=\"https:\/\/ccic.hr\/it\/wp-content\/uploads\/sites\/2\/2025\/06\/Network-1024x684.png 1024w, https:\/\/ccic.hr\/it\/wp-content\/uploads\/sites\/2\/2025\/06\/Network-300x200.png 300w, https:\/\/ccic.hr\/it\/wp-content\/uploads\/sites\/2\/2025\/06\/Network-768x513.png 768w, https:\/\/ccic.hr\/it\/wp-content\/uploads\/sites\/2\/2025\/06\/Network.png 1183w\" sizes=\"(max-width: 1024px) 100vw, 1024px\" \/><\/figure>\n\n\n\n<p>Foto: <a href=\"https:\/\/suvremena.hr\/\">Suvremena.hr<\/a><\/p>\n\n\n\n<p><\/p>\n","protected":false},"excerpt":{"rendered":"<p>Per il secondo anno consecutivo, la CCIC ha preso parte alla Conferenza sul settore fieristico nell\u2019ambito della Giornata Mondiale delle Fiere \u2013 Global Exhibitions Day, sotto il titolo Ospitalit\u00e0 d\u2019Affari, organizzata a Bjelovar dalla rivista economica Suvremena.hr. \ud83d\udde3\ufe0f All\u2019apertura della conferenza hanno preso la parola Sre\u0107ko Serti\u0107, direttore di Suvremena trgovina, Dario Hrebak, sindaco della [&hellip;]<\/p>\n","protected":false},"author":5,"featured_media":5248,"comment_status":"closed","ping_status":"closed","sticky":false,"template":"","format":"standard","meta":{"footnotes":""},"categories":[3],"tags":[],"class_list":["post-5247","post","type-post","status-publish","format-standard","has-post-thumbnail","hentry","category-eventi"],"_links":{"self":[{"href":"https:\/\/ccic.hr\/it\/wp-json\/wp\/v2\/posts\/5247","targetHints":{"allow":["GET"]}}],"collection":[{"href":"https:\/\/ccic.hr\/it\/wp-json\/wp\/v2\/posts"}],"about":[{"href":"https:\/\/ccic.hr\/it\/wp-json\/wp\/v2\/types\/post"}],"author":[{"embeddable":true,"href":"https:\/\/ccic.hr\/it\/wp-json\/wp\/v2\/users\/5"}],"replies":[{"embeddable":true,"href":"https:\/\/ccic.hr\/it\/wp-json\/wp\/v2\/comments?post=5247"}],"version-history":[{"count":5,"href":"https:\/\/ccic.hr\/it\/wp-json\/wp\/v2\/posts\/5247\/revisions"}],"predecessor-version":[{"id":5262,"href":"https:\/\/ccic.hr\/it\/wp-json\/wp\/v2\/posts\/5247\/revisions\/5262"}],"wp:featuredmedia":[{"embeddable":true,"href":"https:\/\/ccic.hr\/it\/wp-json\/wp\/v2\/media\/5248"}],"wp:attachment":[{"href":"https:\/\/ccic.hr\/it\/wp-json\/wp\/v2\/media?parent=5247"}],"wp:term":[{"taxonomy":"category","embeddable":true,"href":"https:\/\/ccic.hr\/it\/wp-json\/wp\/v2\/categories?post=5247"},{"taxonomy":"post_tag","embeddable":true,"href":"https:\/\/ccic.hr\/it\/wp-json\/wp\/v2\/tags?post=5247"}],"curies":[{"name":"wp","href":"https:\/\/api.w.org\/{rel}","templated":true}]}}