{"id":5496,"date":"2025-09-25T14:23:12","date_gmt":"2025-09-25T12:23:12","guid":{"rendered":"https:\/\/ccic.hr\/it\/?p=5496"},"modified":"2025-09-25T14:33:53","modified_gmt":"2025-09-25T12:33:53","slug":"in-memoriam-2","status":"publish","type":"post","link":"https:\/\/ccic.hr\/it\/in-memoriam-2\/","title":{"rendered":"IN MEMORIAM: AMBASCIATORE ADRIANO CHIODI CIANFARANI (1957-2020)"},"content":{"rendered":"\n<p>In occasione del quinto anniversario della morte dell&#8217;Ambasciatore Chiodi Cianfarani, si terr\u00e0 la Messa in italiano in suffragio dell&#8217;Ambasciatore il 29 settembre 2025 alle ore 11:00 presso la chiesa di San Giovanni Battista, Nova Ves 64.<\/p>\n\n\n\n<p>Alla messa sar\u00e0 presente la moglie dell\u2019ex Ambasciatore Signora Ilda Ferro e il figlio Alessandro, nonch\u00e9 rappresentanti delle istituzioni croate.<\/p>\n\n\n\n<p>RSVP: <a href=\"mailto:Segr.ambzagabria@esteri.it\">Segr.ambzagabria@esteri.it<\/a>, 014875327<\/p>\n\n\n\n<p>L\u2019Ambasciatore Chiodi Cianfarani \u00e8 stato un grande rappresentante nel suo impegno delle istituzioni, distinguendosi per dedizione e professionalit\u00e0. Ha saputo costruire ponti di dialogo e collaborazione tra i nostri Paesi.<\/p>\n\n\n\n<p>\u00c8 stato sempre vicino e attento alle attivit\u00e0 della Camera, sostenendone con convinzione i progetti. La sua presenza \u00e8 stata per noi fonte di ispirazione e di stimolo a proseguire nel nostro lavoro.<\/p>\n\n\n\n<p>Con gratitudine e rispetto, rendiamo omaggio alla sua memoria.<\/p>\n\n\n\n<figure class=\"wp-block-image size-full\"><img fetchpriority=\"high\" decoding=\"async\" width=\"1024\" height=\"768\" src=\"https:\/\/ccic.hr\/it\/wp-content\/uploads\/sites\/2\/2025\/09\/Tamplate-naslovne-za-web-1.png\" alt=\"\" class=\"wp-image-5498\" srcset=\"https:\/\/ccic.hr\/it\/wp-content\/uploads\/sites\/2\/2025\/09\/Tamplate-naslovne-za-web-1.png 1024w, https:\/\/ccic.hr\/it\/wp-content\/uploads\/sites\/2\/2025\/09\/Tamplate-naslovne-za-web-1-300x225.png 300w, https:\/\/ccic.hr\/it\/wp-content\/uploads\/sites\/2\/2025\/09\/Tamplate-naslovne-za-web-1-768x576.png 768w\" sizes=\"(max-width: 1024px) 100vw, 1024px\" \/><\/figure>\n","protected":false},"excerpt":{"rendered":"<p>In occasione del quinto anniversario della morte dell&#8217;Ambasciatore Chiodi Cianfarani, si terr\u00e0 la Messa in italiano in suffragio dell&#8217;Ambasciatore il 29 settembre 2025 alle ore 11:00 presso la chiesa di San Giovanni Battista, Nova Ves 64. Alla messa sar\u00e0 presente la moglie dell\u2019ex Ambasciatore Signora Ilda Ferro e il figlio Alessandro, nonch\u00e9 rappresentanti delle istituzioni [&hellip;]<\/p>\n","protected":false},"author":5,"featured_media":5497,"comment_status":"closed","ping_status":"","sticky":false,"template":"","format":"standard","meta":{"footnotes":""},"categories":[3],"tags":[],"class_list":["post-5496","post","type-post","status-publish","format-standard","has-post-thumbnail","hentry","category-eventi"],"_links":{"self":[{"href":"https:\/\/ccic.hr\/it\/wp-json\/wp\/v2\/posts\/5496","targetHints":{"allow":["GET"]}}],"collection":[{"href":"https:\/\/ccic.hr\/it\/wp-json\/wp\/v2\/posts"}],"about":[{"href":"https:\/\/ccic.hr\/it\/wp-json\/wp\/v2\/types\/post"}],"author":[{"embeddable":true,"href":"https:\/\/ccic.hr\/it\/wp-json\/wp\/v2\/users\/5"}],"replies":[{"embeddable":true,"href":"https:\/\/ccic.hr\/it\/wp-json\/wp\/v2\/comments?post=5496"}],"version-history":[{"count":4,"href":"https:\/\/ccic.hr\/it\/wp-json\/wp\/v2\/posts\/5496\/revisions"}],"predecessor-version":[{"id":5503,"href":"https:\/\/ccic.hr\/it\/wp-json\/wp\/v2\/posts\/5496\/revisions\/5503"}],"wp:featuredmedia":[{"embeddable":true,"href":"https:\/\/ccic.hr\/it\/wp-json\/wp\/v2\/media\/5497"}],"wp:attachment":[{"href":"https:\/\/ccic.hr\/it\/wp-json\/wp\/v2\/media?parent=5496"}],"wp:term":[{"taxonomy":"category","embeddable":true,"href":"https:\/\/ccic.hr\/it\/wp-json\/wp\/v2\/categories?post=5496"},{"taxonomy":"post_tag","embeddable":true,"href":"https:\/\/ccic.hr\/it\/wp-json\/wp\/v2\/tags?post=5496"}],"curies":[{"name":"wp","href":"https:\/\/api.w.org\/{rel}","templated":true}]}}