{"id":5525,"date":"2025-09-30T11:28:21","date_gmt":"2025-09-30T09:28:21","guid":{"rendered":"https:\/\/ccic.hr\/it\/?p=5525"},"modified":"2025-09-30T11:32:56","modified_gmt":"2025-09-30T09:32:56","slug":"messa-in-suffragio-dellambasciatore-chiodi-cianfarani","status":"publish","type":"post","link":"https:\/\/ccic.hr\/it\/messa-in-suffragio-dellambasciatore-chiodi-cianfarani\/","title":{"rendered":"Messa in suffragio dell&#8217;Ambasciatore Chiodi Cianfarani"},"content":{"rendered":"\n<p>(Fonte del testo e delle immagini: La Voce del popolo)<\/p>\n\n\n\n<p>In occasione del quinto anniversario della scomparsa dell\u2019ex Ambasciatore d\u2019Italia in Croazia, <strong>S.E. Adriano Chiodi Cianfarani<\/strong>, luned\u00ec 29 settembre, alle ore 11.00, \u00e8 stata celebrata una messa in suffragio del diplomatico italiano, stimato per professionalit\u00e0, umanit\u00e0 e vicinanza alla Comunit\u00e0 Nazionale Italiana. La celebrazione ha rappresentato un momento di raccolta e di condivisione, per rendere omaggio alla memoria dell\u2019illustre Ambasciatore e per testimoniare la vicinanza alla sua famiglia.<\/p>\n\n\n\n<figure class=\"wp-block-image size-full\"><img fetchpriority=\"high\" decoding=\"async\" width=\"800\" height=\"532\" src=\"https:\/\/ccic.hr\/it\/wp-content\/uploads\/sites\/2\/2025\/09\/supruga.jpeg\" alt=\"\" class=\"wp-image-5527\" srcset=\"https:\/\/ccic.hr\/it\/wp-content\/uploads\/sites\/2\/2025\/09\/supruga.jpeg 800w, https:\/\/ccic.hr\/it\/wp-content\/uploads\/sites\/2\/2025\/09\/supruga-300x200.jpeg 300w, https:\/\/ccic.hr\/it\/wp-content\/uploads\/sites\/2\/2025\/09\/supruga-768x511.jpeg 768w\" sizes=\"(max-width: 800px) 100vw, 800px\" \/><\/figure>\n\n\n\n<p>La funzione si \u00e8 tenuta presso la Chiesa di San Giovanni Battista, Nova Ves 64, ed \u00e8 stata celebrata da <strong>Monsignor Giorgio Lingua<\/strong>, Nunzio Apostolico in Croazia, assistito dal <strong>parroco Andrija Mili\u010devi\u0107<\/strong>. La messa si \u00e8 tenuta in lingua italiana.<\/p>\n\n\n\n<p>Accanto alla consorte dell\u2019ex Ambasciatore, <strong>signora Ilda Ferro<\/strong>, <strong>e al figlio Alessandro<\/strong>, hanno preso parte alla cerimonia anche l\u2019Ambasciatore d\u2019Italia a Zagabria, <strong>S.E. Paolo Trichilo<\/strong>, accompagnato dalla consorte, nonch\u00e9 deputato della Comunit\u00e0 Nazionale Italiana e vicepresidente del Sabor <strong>Furio Radin<\/strong>. Alla cerimonia erano inoltre presenti altri rappresentanti delle istituzioni e illustri ospiti, tra i quali \u017deljko Reiner, Zrinka Ujevi\u0107, direttrice della Rappresentanza della Commissione europea in Croazia, un rappresentante del Sovrano Ordine di Malta, imprenditori, manager, collaboratori e amici della famiglia.<\/p>\n\n\n\n<figure class=\"wp-block-image size-full\"><img decoding=\"async\" width=\"800\" height=\"532\" src=\"https:\/\/ccic.hr\/it\/wp-content\/uploads\/sites\/2\/2025\/09\/supruga-i-sin.jpeg\" alt=\"\" class=\"wp-image-5528\" srcset=\"https:\/\/ccic.hr\/it\/wp-content\/uploads\/sites\/2\/2025\/09\/supruga-i-sin.jpeg 800w, https:\/\/ccic.hr\/it\/wp-content\/uploads\/sites\/2\/2025\/09\/supruga-i-sin-300x200.jpeg 300w, https:\/\/ccic.hr\/it\/wp-content\/uploads\/sites\/2\/2025\/09\/supruga-i-sin-768x511.jpeg 768w\" sizes=\"(max-width: 800px) 100vw, 800px\" \/><\/figure>\n\n\n\n<p>Alla messa erano presenti anche i rappresentanti della Camera di commercio italo croata,<strong> il presidente Aldo Di Biagio e la direttrice generale Andrea Perkov<\/strong>. L\u2019iniziativa di celebrare la messa in suffragio dell\u2019ex Ambasciatore \u00e8 venuta proprio dal Dott. Di Biagio, il quale ha ritenuto doveroso rendere omaggio ad Adriano Chiodi Cianfarani. L\u2019Ambasciata d\u2019Italia a Zagabria ha immediatamente assicurato il proprio sostegno all\u2019iniziativa.<\/p>\n\n\n\n<figure class=\"wp-block-image size-full\"><img decoding=\"async\" width=\"800\" height=\"532\" src=\"https:\/\/ccic.hr\/it\/wp-content\/uploads\/sites\/2\/2025\/09\/predstavnici-institucija.jpeg\" alt=\"\" class=\"wp-image-5529\" srcset=\"https:\/\/ccic.hr\/it\/wp-content\/uploads\/sites\/2\/2025\/09\/predstavnici-institucija.jpeg 800w, https:\/\/ccic.hr\/it\/wp-content\/uploads\/sites\/2\/2025\/09\/predstavnici-institucija-300x200.jpeg 300w, https:\/\/ccic.hr\/it\/wp-content\/uploads\/sites\/2\/2025\/09\/predstavnici-institucija-768x511.jpeg 768w\" sizes=\"(max-width: 800px) 100vw, 800px\" \/><\/figure>\n\n\n\n<p>Nel corso della celebrazione, il presidente della CCIC, Aldo Di Biagio, e il figlio dell\u2019ex Ambasciatore, Alessandro Chiodi Cianfarani, hanno letto alcuni passi delle Sacre Scritture. Mons. Lingua ha rievocato il primo incontro con l\u2019Ambasciatore al suo arrivo a Zagabria. Il vicepresidente del Sabor, Furio Radin nel suo intervento ha definito Adriano Chiodi Cianfarani un grande amico della Comunit\u00e0 Nazionale Italiana, mentre l\u2019Ambasciatore d\u2019Italia in Croazia, S.E. Trichilo, ha richiamato la professionalit\u00e0 e l\u2019autorevolezza dell\u2019ex Ambasciatore. A conclusione ha preso la parola la moglie dell&#8217;ex Ambasciatore, signora Ilda Ferro, rimarcando l&#8217;acume e la profondit\u00e0 con cui il marito affrontava ogni questione.<\/p>\n\n\n\n<figure class=\"wp-block-image size-full\"><img loading=\"lazy\" decoding=\"async\" width=\"800\" height=\"532\" src=\"https:\/\/ccic.hr\/it\/wp-content\/uploads\/sites\/2\/2025\/09\/uzvanici.jpeg\" alt=\"\" class=\"wp-image-5531\" srcset=\"https:\/\/ccic.hr\/it\/wp-content\/uploads\/sites\/2\/2025\/09\/uzvanici.jpeg 800w, https:\/\/ccic.hr\/it\/wp-content\/uploads\/sites\/2\/2025\/09\/uzvanici-300x200.jpeg 300w, https:\/\/ccic.hr\/it\/wp-content\/uploads\/sites\/2\/2025\/09\/uzvanici-768x511.jpeg 768w\" sizes=\"(max-width: 800px) 100vw, 800px\" \/><\/figure>\n\n\n\n<figure class=\"wp-block-image size-full\"><img loading=\"lazy\" decoding=\"async\" width=\"800\" height=\"532\" src=\"https:\/\/ccic.hr\/it\/wp-content\/uploads\/sites\/2\/2025\/09\/domjenak.jpeg\" alt=\"\" class=\"wp-image-5530\" srcset=\"https:\/\/ccic.hr\/it\/wp-content\/uploads\/sites\/2\/2025\/09\/domjenak.jpeg 800w, https:\/\/ccic.hr\/it\/wp-content\/uploads\/sites\/2\/2025\/09\/domjenak-300x200.jpeg 300w, https:\/\/ccic.hr\/it\/wp-content\/uploads\/sites\/2\/2025\/09\/domjenak-768x511.jpeg 768w\" sizes=\"(max-width: 800px) 100vw, 800px\" \/><\/figure>\n\n\n\n<p><\/p>\n","protected":false},"excerpt":{"rendered":"<p>(Fonte del testo e delle immagini: La Voce del popolo) In occasione del quinto anniversario della scomparsa dell\u2019ex Ambasciatore d\u2019Italia in Croazia, S.E. Adriano Chiodi Cianfarani, luned\u00ec 29 settembre, alle ore 11.00, \u00e8 stata celebrata una messa in suffragio del diplomatico italiano, stimato per professionalit\u00e0, umanit\u00e0 e vicinanza alla Comunit\u00e0 Nazionale Italiana. La celebrazione ha [&hellip;]<\/p>\n","protected":false},"author":5,"featured_media":5526,"comment_status":"closed","ping_status":"","sticky":false,"template":"","format":"standard","meta":{"footnotes":""},"categories":[3],"tags":[],"class_list":["post-5525","post","type-post","status-publish","format-standard","has-post-thumbnail","hentry","category-eventi"],"_links":{"self":[{"href":"https:\/\/ccic.hr\/it\/wp-json\/wp\/v2\/posts\/5525","targetHints":{"allow":["GET"]}}],"collection":[{"href":"https:\/\/ccic.hr\/it\/wp-json\/wp\/v2\/posts"}],"about":[{"href":"https:\/\/ccic.hr\/it\/wp-json\/wp\/v2\/types\/post"}],"author":[{"embeddable":true,"href":"https:\/\/ccic.hr\/it\/wp-json\/wp\/v2\/users\/5"}],"replies":[{"embeddable":true,"href":"https:\/\/ccic.hr\/it\/wp-json\/wp\/v2\/comments?post=5525"}],"version-history":[{"count":2,"href":"https:\/\/ccic.hr\/it\/wp-json\/wp\/v2\/posts\/5525\/revisions"}],"predecessor-version":[{"id":5533,"href":"https:\/\/ccic.hr\/it\/wp-json\/wp\/v2\/posts\/5525\/revisions\/5533"}],"wp:featuredmedia":[{"embeddable":true,"href":"https:\/\/ccic.hr\/it\/wp-json\/wp\/v2\/media\/5526"}],"wp:attachment":[{"href":"https:\/\/ccic.hr\/it\/wp-json\/wp\/v2\/media?parent=5525"}],"wp:term":[{"taxonomy":"category","embeddable":true,"href":"https:\/\/ccic.hr\/it\/wp-json\/wp\/v2\/categories?post=5525"},{"taxonomy":"post_tag","embeddable":true,"href":"https:\/\/ccic.hr\/it\/wp-json\/wp\/v2\/tags?post=5525"}],"curies":[{"name":"wp","href":"https:\/\/api.w.org\/{rel}","templated":true}]}}