{"id":5534,"date":"2025-09-30T13:04:53","date_gmt":"2025-09-30T11:04:53","guid":{"rendered":"https:\/\/ccic.hr\/it\/?p=5534"},"modified":"2025-09-30T14:00:48","modified_gmt":"2025-09-30T12:00:48","slug":"convegno-strategies-for-competitiveness-industry-leader-and-supply-chain-heads","status":"publish","type":"post","link":"https:\/\/ccic.hr\/it\/convegno-strategies-for-competitiveness-industry-leader-and-supply-chain-heads\/","title":{"rendered":"Convegno \u201cStrategies for Competitiveness \u2013 Industry Leader and Supply Chain Heads\u201d"},"content":{"rendered":"\n<p><\/p>\n\n\n\n<p><strong>Lubiana (Slovenia), 30 settembre 2025 \u2014 Grand Hotel Union Eurostars<\/strong>.<\/p>\n\n\n\n<p>Organizzato da <strong>Confindustria Slovenia<\/strong> in collaborazione con <strong>Ambasciata d\u2019Italia a Lubiana<\/strong>, <strong>ITA \u2013 Italian Trade Agency<\/strong> e <strong>Gruppo Intesa Sanpaolo<\/strong>.<\/p>\n\n\n\n<p><strong>Sommario<\/strong><\/p>\n\n\n\n<p>Una giornata di lavori dedicata alla competitivit\u00e0 industriale e alle filiere, articolata in tre panel tematici (acciaio, energia, agrifood) e conclusa da una tavola rotonda su finanza e innovazione.<\/p>\n\n\n\n<p>La conferenza ha registrato un\u2019ampia partecipazione di imprese dall\u2019Italia, dalla Croazia e dalla Slovenia, con sala al completo. Particolarmente significativa, per la nostra comunit\u00e0 imprenditoriale, \u00e8 stata la presenza anche del <strong>Presidente della Camera di commercio italo croata, Aldo Di Biagio<\/strong>, evidenziando anche il ruolo della Camera come piattaforma di raccordo tra esigenze industriali, opportunit\u00e0 transfrontaliere e dialogo con le istituzioni. La sua partecipazione ha contribuito a dare visibilit\u00e0 ai soci, confermando la nostra forte collaborazione con Confindustria e con tutte le realt\u00e0 istituzionale che compongono il sistema Italia<\/p>\n\n\n\n<p>Ad aprire i lavori e&#8217; stato <strong>S.E. Giuseppe Cavagna, Ambasciatore d\u2019Italia in Slovenia<\/strong>, a cui e&#8217; seguito l&#8217;intervento di <strong>Matteo Zoppas, Presidente ITA<\/strong>, successivamente quello di <strong>Patrizio Dei Tos, Presidente Confindustria Est Europa<\/strong> ed infine <strong>Petar Vujovi\u0107, membro del Board di Banca Intesa<\/strong>.<\/p>\n\n\n\n<p>Il primo panel, dedicato all\u2019acciaio, ha rappresentato un momento di forte rilievo anche per i nostri associati. <strong>Anna Mareschi Danieli<\/strong>, membro del board esecutivo della <strong>Danieli Group<\/strong> e membro del CdA della CCIC, ha proposto un intervento di taglio tecnico\u2013strategico, <strong>volto a smontare alcuni pregiudizi<\/strong> sulla manifattura italiana attraverso <strong>indicatori verificabili e dati scientifici<\/strong>. Illustrando <strong>lo stato dell\u2019arte<\/strong> della tecnologia italiana, ha messo in luce come innovazione di processo, digitalizzazione degli impianti e approcci di efficientamento energetico stiano consentendo alla filiera siderurgica di competere sui mercati globali con <strong>standard elevati di qualit\u00e0 e sostenibilit\u00e0<\/strong>.<\/p>\n\n\n\n<p>Nel secondo panel, <strong>Emanuele Fontani<\/strong> (Business Executive Officer, <strong>Newcleo S.p.A.<\/strong>) ha delineato le traiettorie del <strong>nucleare di IV generazione<\/strong>, soffermandosi su cicli del combustibile circolari e integrazione con le rinnovabili. L\u2019analisi ha evidenziato il potenziale di queste soluzioni nel ridurre le emissioni lungo le filiere energetiche e nel rafforzare la sicurezza dell\u2019approvvigionamento, due fattori chiave per la competitivit\u00e0 industriale a zero emissioni nette.<\/p>\n\n\n\n<p>Il terzo panel, guidato da <strong>Andrea Benetton<\/strong> (Presidente <strong>Cirio Societ\u00e0 Agricola S.r.l.<\/strong> e <strong>Maccarese S.p.A.<\/strong>), ha messo al centro <strong>l\u2019agricoltura avanzata<\/strong> come leva di resilienza competitiva. Sono stati approfonditi i fronti di automazione in zootecnia e agricoltura e l\u2019integrazione di modelli circolari per la gestione efficiente delle risorse.<\/p>\n\n\n\n<p>La giornata si \u00e8 conclusa con una <strong>tavola rotonda su finanza e innovazione<\/strong>, moderata da Anna Mareschi Danieli, che ha favorito un confronto operativo tra <strong>Banca Intesa<\/strong> (con l\u2019intervento di <strong>Petar Vujovi\u0107<\/strong>) e <strong>Leyton<\/strong> (con <strong>David Cezon<\/strong>, Head of Strategic Alliances).<\/p>\n\n\n\n<p>La cornice istituzionale dei saluti ha ribadito la coerenza tra diplomazia economica, promozione commerciale, rappresentanza industriale e sostegno finanziario. In questo quadro si inserisce anche la presenza della Camera di Commercio Italo-Croata e del suo Presidente, Aldo Di Biagio, a testimonianza della dimensione trilaterale <strong>Italia\u2013Slovenia\u2013Croazia<\/strong>, invitato da Confindustria a partecipare rafforzando ulteriormente i rapporti dopo la firma del memorandum di collaborazione firmato a maggio in occasione del business forum Italia-Croazia e che <strong>pone Confindustria e le Camere di commercio italiane all&#8217;estero come moltiplicatori di rete per la competitivit\u00e0 delle imprese italiane all&#8217;estero.<\/strong><\/p>\n\n\n\n<figure class=\"wp-block-image size-large\"><img fetchpriority=\"high\" decoding=\"async\" width=\"724\" height=\"1024\" src=\"https:\/\/ccic.hr\/it\/wp-content\/uploads\/sites\/2\/2025\/09\/BUSINESS-EVENT-724x1024.jpeg\" alt=\"\" class=\"wp-image-5536\" srcset=\"https:\/\/ccic.hr\/it\/wp-content\/uploads\/sites\/2\/2025\/09\/BUSINESS-EVENT-724x1024.jpeg 724w, https:\/\/ccic.hr\/it\/wp-content\/uploads\/sites\/2\/2025\/09\/BUSINESS-EVENT-212x300.jpeg 212w, https:\/\/ccic.hr\/it\/wp-content\/uploads\/sites\/2\/2025\/09\/BUSINESS-EVENT-768x1086.jpeg 768w, https:\/\/ccic.hr\/it\/wp-content\/uploads\/sites\/2\/2025\/09\/BUSINESS-EVENT-1086x1536.jpeg 1086w, https:\/\/ccic.hr\/it\/wp-content\/uploads\/sites\/2\/2025\/09\/BUSINESS-EVENT-1448x2048.jpeg 1448w, https:\/\/ccic.hr\/it\/wp-content\/uploads\/sites\/2\/2025\/09\/BUSINESS-EVENT.jpeg 1810w\" sizes=\"(max-width: 724px) 100vw, 724px\" \/><\/figure>\n","protected":false},"excerpt":{"rendered":"<p>Lubiana (Slovenia), 30 settembre 2025 \u2014 Grand Hotel Union Eurostars. Organizzato da Confindustria Slovenia in collaborazione con Ambasciata d\u2019Italia a Lubiana, ITA \u2013 Italian Trade Agency e Gruppo Intesa Sanpaolo. Sommario Una giornata di lavori dedicata alla competitivit\u00e0 industriale e alle filiere, articolata in tre panel tematici (acciaio, energia, agrifood) e conclusa da una tavola [&hellip;]<\/p>\n","protected":false},"author":5,"featured_media":5539,"comment_status":"closed","ping_status":"","sticky":false,"template":"","format":"standard","meta":{"footnotes":""},"categories":[3],"tags":[],"class_list":["post-5534","post","type-post","status-publish","format-standard","has-post-thumbnail","hentry","category-eventi"],"_links":{"self":[{"href":"https:\/\/ccic.hr\/it\/wp-json\/wp\/v2\/posts\/5534","targetHints":{"allow":["GET"]}}],"collection":[{"href":"https:\/\/ccic.hr\/it\/wp-json\/wp\/v2\/posts"}],"about":[{"href":"https:\/\/ccic.hr\/it\/wp-json\/wp\/v2\/types\/post"}],"author":[{"embeddable":true,"href":"https:\/\/ccic.hr\/it\/wp-json\/wp\/v2\/users\/5"}],"replies":[{"embeddable":true,"href":"https:\/\/ccic.hr\/it\/wp-json\/wp\/v2\/comments?post=5534"}],"version-history":[{"count":4,"href":"https:\/\/ccic.hr\/it\/wp-json\/wp\/v2\/posts\/5534\/revisions"}],"predecessor-version":[{"id":5541,"href":"https:\/\/ccic.hr\/it\/wp-json\/wp\/v2\/posts\/5534\/revisions\/5541"}],"wp:featuredmedia":[{"embeddable":true,"href":"https:\/\/ccic.hr\/it\/wp-json\/wp\/v2\/media\/5539"}],"wp:attachment":[{"href":"https:\/\/ccic.hr\/it\/wp-json\/wp\/v2\/media?parent=5534"}],"wp:term":[{"taxonomy":"category","embeddable":true,"href":"https:\/\/ccic.hr\/it\/wp-json\/wp\/v2\/categories?post=5534"},{"taxonomy":"post_tag","embeddable":true,"href":"https:\/\/ccic.hr\/it\/wp-json\/wp\/v2\/tags?post=5534"}],"curies":[{"name":"wp","href":"https:\/\/api.w.org\/{rel}","templated":true}]}}